{"id":10858,"date":"2025-05-29T15:01:06","date_gmt":"2025-05-29T19:01:06","guid":{"rendered":"https:\/\/elconquistadorredloslagos.cl\/test\/?p=10858"},"modified":"2025-05-29T15:01:08","modified_gmt":"2025-05-29T19:01:08","slug":"tras-robo-de-computadores-alcalde-andres-ojeda-pueden-venir-a-robar-todo-lo-que-quieran-a-la-corporacion-porque-la-informacion-esta-absolutamente-respaldada","status":"publish","type":"post","link":"https:\/\/elconquistadorredloslagos.cl\/test\/blog\/2025\/05\/29\/tras-robo-de-computadores-alcalde-andres-ojeda-pueden-venir-a-robar-todo-lo-que-quieran-a-la-corporacion-porque-la-informacion-esta-absolutamente-respaldada\/","title":{"rendered":"Tras robo de computadores: alcalde Andr\u00e9s Ojeda  \u201cpueden venir a robar todo lo que quieran a la corporaci\u00f3n porque la informaci\u00f3n est\u00e1 absolutamente respaldada\u201d"},"content":{"rendered":"\n<p>Durante la madrugada de este mi\u00e9rcoles, las oficinas de la Corporaci\u00f3n Municipal de Ancud fueron blanco de un robo que mantiene a Carabineros realizando diligencias para esclarecer los hechos.<\/p>\n\n\n\n<p>Seg\u00fan la denuncia presentada, los delincuentes sustrajeron dos computadores desde las dependencias institucionales, los cuales pertenec\u00edan al Secretario General y a una secretaria del organismo. Las m\u00e1quinas conten\u00edan informaci\u00f3n sensible y de uso administrativo.<\/p>\n\n\n\n<p>El procedimiento policial se encuentra en curso y busca recolectar evidencia clave que permita identificar a los responsables y recuperar los equipos robados. Hasta el momento, no se ha informado sobre detenidos ni se ha determinado con certeza la forma en que los autores accedieron al recinto.<\/p>\n\n\n\n<p>El alcalde de Ancud, Andr\u00e9s Ojeda, se refiri\u00f3 al hecho se\u00f1alando que espera una pronta aclaraci\u00f3n del caso.<\/p>\n\n\n\n<figure class=\"wp-block-embed is-type-rich is-provider-gestor-del-servicio wp-block-embed-gestor-del-servicio\"><div class=\"wp-block-embed__wrapper\">\n<div style=\"width: 640px;\" class=\"wp-video\"><video class=\"wp-video-shortcode\" id=\"video-10858-1\" width=\"640\" height=\"360\" preload=\"metadata\" controls=\"controls\"><source type=\"video\/mp4\" src=\"https:\/\/elconquistadorredloslagos.cl\/test\/md\/andresojedaxrobo.mp4?_=1\" \/><a href=\"https:\/\/elconquistadorredloslagos.cl\/test\/md\/andresojedaxrobo.mp4\">https:\/\/elconquistadorredloslagos.cl\/test\/md\/andresojedaxrobo.mp4<\/a><\/video><\/div>\n<\/div><\/figure>\n\n\n\n<p>Los antecedentes han sido puestos a disposici\u00f3n del Ministerio P\u00fablico. <\/p>\n\n\n\n<p>\ud83d\udcf7 Municipalidad de Ancud<\/p>\n","protected":false},"excerpt":{"rendered":"<p>Durante la madrugada de este mi\u00e9rcoles, las oficinas de la Corporaci\u00f3n Municipal de Ancud fueron blanco de un robo que mantiene a Carabineros realizando diligencias para esclarecer los hechos. Seg\u00fan..<\/p>\n","protected":false},"author":2,"featured_media":10861,"comment_status":"closed","ping_status":"open","sticky":false,"template":"","format":"standard","meta":{"footnotes":""},"categories":[1,28,51],"tags":[],"class_list":["post-10858","post","type-post","status-publish","format-standard","has-post-thumbnail","hentry","category-acontecer","category-actual","category-chiloe"],"rttpg_featured_image_url":{"full":["https:\/\/elconquistadorredloslagos.cl\/test\/wp-content\/uploads\/2025\/05\/img-116.jpg",1920,1080,false],"landscape":["https:\/\/elconquistadorredloslagos.cl\/test\/wp-content\/uploads\/2025\/05\/img-116.jpg",1920,1080,false],"portraits":["https:\/\/elconquistadorredloslagos.cl\/test\/wp-content\/uploads\/2025\/05\/img-116.jpg",1920,1080,false],"thumbnail":["https:\/\/elconquistadorredloslagos.cl\/test\/wp-content\/uploads\/2025\/05\/img-116-150x150.jpg",150,150,true],"medium":["https:\/\/elconquistadorredloslagos.cl\/test\/wp-content\/uploads\/2025\/05\/img-116-300x169.jpg",300,169,true],"large":["https:\/\/elconquistadorredloslagos.cl\/test\/wp-content\/uploads\/2025\/05\/img-116-1024x576.jpg",1024,576,true],"1536x1536":["https:\/\/elconquistadorredloslagos.cl\/test\/wp-content\/uploads\/2025\/05\/img-116-1536x864.jpg",1536,864,true],"2048x2048":["https:\/\/elconquistadorredloslagos.cl\/test\/wp-content\/uploads\/2025\/05\/img-116.jpg",1920,1080,false]},"rttpg_author":{"display_name":"ccardenas","author_link":"https:\/\/elconquistadorredloslagos.cl\/test\/blog\/author\/ccardenas\/"},"rttpg_comment":0,"rttpg_category":"<a href=\"https:\/\/elconquistadorredloslagos.cl\/test\/blog\/category\/actual\/acontecer\/\" rel=\"category tag\">Acontecer<\/a> <a href=\"https:\/\/elconquistadorredloslagos.cl\/test\/blog\/category\/actual\/\" rel=\"category tag\">Actualidad<\/a> <a href=\"https:\/\/elconquistadorredloslagos.cl\/test\/blog\/category\/chile\/chiloe\/\" rel=\"category tag\">Chilo\u00e9<\/a>","rttpg_excerpt":"Durante la madrugada de este mi\u00e9rcoles, las oficinas de la Corporaci\u00f3n Municipal de Ancud fueron blanco de un robo que mantiene a Carabineros realizando diligencias para esclarecer los hechos. Seg\u00fan..","_links":{"self":[{"href":"https:\/\/elconquistadorredloslagos.cl\/test\/wp-json\/wp\/v2\/posts\/10858","targetHints":{"allow":["GET"]}}],"collection":[{"href":"https:\/\/elconquistadorredloslagos.cl\/test\/wp-json\/wp\/v2\/posts"}],"about":[{"href":"https:\/\/elconquistadorredloslagos.cl\/test\/wp-json\/wp\/v2\/types\/post"}],"author":[{"embeddable":true,"href":"https:\/\/elconquistadorredloslagos.cl\/test\/wp-json\/wp\/v2\/users\/2"}],"replies":[{"embeddable":true,"href":"https:\/\/elconquistadorredloslagos.cl\/test\/wp-json\/wp\/v2\/comments?post=10858"}],"version-history":[{"count":1,"href":"https:\/\/elconquistadorredloslagos.cl\/test\/wp-json\/wp\/v2\/posts\/10858\/revisions"}],"predecessor-version":[{"id":10862,"href":"https:\/\/elconquistadorredloslagos.cl\/test\/wp-json\/wp\/v2\/posts\/10858\/revisions\/10862"}],"wp:featuredmedia":[{"embeddable":true,"href":"https:\/\/elconquistadorredloslagos.cl\/test\/wp-json\/wp\/v2\/media\/10861"}],"wp:attachment":[{"href":"https:\/\/elconquistadorredloslagos.cl\/test\/wp-json\/wp\/v2\/media?parent=10858"}],"wp:term":[{"taxonomy":"category","embeddable":true,"href":"https:\/\/elconquistadorredloslagos.cl\/test\/wp-json\/wp\/v2\/categories?post=10858"},{"taxonomy":"post_tag","embeddable":true,"href":"https:\/\/elconquistadorredloslagos.cl\/test\/wp-json\/wp\/v2\/tags?post=10858"}],"curies":[{"name":"wp","href":"https:\/\/api.w.org\/{rel}","templated":true}]}}