{"id":10839,"date":"2025-05-28T18:51:12","date_gmt":"2025-05-28T22:51:12","guid":{"rendered":"https:\/\/elconquistadorredloslagos.cl\/test\/?p=10839"},"modified":"2025-05-28T18:51:13","modified_gmt":"2025-05-28T22:51:13","slug":"region-de-los-lagos-en-alerta-temprana-preventiva-por-riesgo-tornadico-e-inestabilidad-climatica","status":"publish","type":"post","link":"https:\/\/elconquistadorredloslagos.cl\/test\/blog\/2025\/05\/28\/region-de-los-lagos-en-alerta-temprana-preventiva-por-riesgo-tornadico-e-inestabilidad-climatica\/","title":{"rendered":"Regi\u00f3n de Los Lagos en Alerta Temprana Preventiva por riesgo torn\u00e1dico e inestabilidad clim\u00e1tica"},"content":{"rendered":"\n<p>La Direcci\u00f3n Regional del Servicio Nacional de Prevenci\u00f3n y Respuesta ante Desastres (SENAPRED) Los Lagos activ\u00f3 una Alerta Temprana Preventiva para toda la regi\u00f3n, debido a un complejo escenario meteorol\u00f3gico. La medida responde a la posible formaci\u00f3n de nubes con caracter\u00edsticas torn\u00e1dicas (nube de tormenta poderosa con rotaci\u00f3n, capaz de generar tornados) y a la saturaci\u00f3n de suelos tras recientes sistemas frontales.<\/p>\n\n\n\n<p>El informe t\u00e9cnico de SENAPRED destaca que la inestabilidad atmosf\u00e9rica post-frontal, sumada a un r\u00e9gimen anticicl\u00f3nico fr\u00edo en superficie, aumenta el riesgo para la infraestructura, viviendas y personas, dada la alta vulnerabilidad de la zona. Adem\u00e1s, se prev\u00e9n precipitaciones variables en diferentes sectores, con lluvias y nevadas que podr\u00edan afectar \u00e1reas cordilleranas entre el 28 y 30 de mayo.<\/p>\n\n\n\n<p>La alerta permanecer\u00e1 vigente hasta que mejoren las condiciones meteorol\u00f3gicas, buscando fortalecer la coordinaci\u00f3n del Sistema Nacional de Prevenci\u00f3n y Respuesta ante Desastres (SENAPRED).<\/p>\n\n\n\n<p>\ud83d\udcf7 Referencial<\/p>\n","protected":false},"excerpt":{"rendered":"<p>La Direcci\u00f3n Regional del Servicio Nacional de Prevenci\u00f3n y Respuesta ante Desastres (SENAPRED) Los Lagos activ\u00f3 una Alerta Temprana Preventiva para toda la regi\u00f3n, debido a un complejo escenario meteorol\u00f3gico&#8230;<\/p>\n","protected":false},"author":2,"featured_media":10840,"comment_status":"closed","ping_status":"open","sticky":false,"template":"","format":"standard","meta":{"footnotes":""},"categories":[1,28],"tags":[],"class_list":["post-10839","post","type-post","status-publish","format-standard","has-post-thumbnail","hentry","category-acontecer","category-actual"],"rttpg_featured_image_url":{"full":["https:\/\/elconquistadorredloslagos.cl\/test\/wp-content\/uploads\/2025\/05\/img-114.jpg",1920,1080,false],"landscape":["https:\/\/elconquistadorredloslagos.cl\/test\/wp-content\/uploads\/2025\/05\/img-114.jpg",1920,1080,false],"portraits":["https:\/\/elconquistadorredloslagos.cl\/test\/wp-content\/uploads\/2025\/05\/img-114.jpg",1920,1080,false],"thumbnail":["https:\/\/elconquistadorredloslagos.cl\/test\/wp-content\/uploads\/2025\/05\/img-114-150x150.jpg",150,150,true],"medium":["https:\/\/elconquistadorredloslagos.cl\/test\/wp-content\/uploads\/2025\/05\/img-114-300x169.jpg",300,169,true],"large":["https:\/\/elconquistadorredloslagos.cl\/test\/wp-content\/uploads\/2025\/05\/img-114-1024x576.jpg",1024,576,true],"1536x1536":["https:\/\/elconquistadorredloslagos.cl\/test\/wp-content\/uploads\/2025\/05\/img-114-1536x864.jpg",1536,864,true],"2048x2048":["https:\/\/elconquistadorredloslagos.cl\/test\/wp-content\/uploads\/2025\/05\/img-114.jpg",1920,1080,false]},"rttpg_author":{"display_name":"ccardenas","author_link":"https:\/\/elconquistadorredloslagos.cl\/test\/blog\/author\/ccardenas\/"},"rttpg_comment":0,"rttpg_category":"<a href=\"https:\/\/elconquistadorredloslagos.cl\/test\/blog\/category\/actual\/acontecer\/\" rel=\"category tag\">Acontecer<\/a> <a href=\"https:\/\/elconquistadorredloslagos.cl\/test\/blog\/category\/actual\/\" rel=\"category tag\">Actualidad<\/a>","rttpg_excerpt":"La Direcci\u00f3n Regional del Servicio Nacional de Prevenci\u00f3n y Respuesta ante Desastres (SENAPRED) Los Lagos activ\u00f3 una Alerta Temprana Preventiva para toda la regi\u00f3n, debido a un complejo escenario meteorol\u00f3gico...","_links":{"self":[{"href":"https:\/\/elconquistadorredloslagos.cl\/test\/wp-json\/wp\/v2\/posts\/10839","targetHints":{"allow":["GET"]}}],"collection":[{"href":"https:\/\/elconquistadorredloslagos.cl\/test\/wp-json\/wp\/v2\/posts"}],"about":[{"href":"https:\/\/elconquistadorredloslagos.cl\/test\/wp-json\/wp\/v2\/types\/post"}],"author":[{"embeddable":true,"href":"https:\/\/elconquistadorredloslagos.cl\/test\/wp-json\/wp\/v2\/users\/2"}],"replies":[{"embeddable":true,"href":"https:\/\/elconquistadorredloslagos.cl\/test\/wp-json\/wp\/v2\/comments?post=10839"}],"version-history":[{"count":1,"href":"https:\/\/elconquistadorredloslagos.cl\/test\/wp-json\/wp\/v2\/posts\/10839\/revisions"}],"predecessor-version":[{"id":10841,"href":"https:\/\/elconquistadorredloslagos.cl\/test\/wp-json\/wp\/v2\/posts\/10839\/revisions\/10841"}],"wp:featuredmedia":[{"embeddable":true,"href":"https:\/\/elconquistadorredloslagos.cl\/test\/wp-json\/wp\/v2\/media\/10840"}],"wp:attachment":[{"href":"https:\/\/elconquistadorredloslagos.cl\/test\/wp-json\/wp\/v2\/media?parent=10839"}],"wp:term":[{"taxonomy":"category","embeddable":true,"href":"https:\/\/elconquistadorredloslagos.cl\/test\/wp-json\/wp\/v2\/categories?post=10839"},{"taxonomy":"post_tag","embeddable":true,"href":"https:\/\/elconquistadorredloslagos.cl\/test\/wp-json\/wp\/v2\/tags?post=10839"}],"curies":[{"name":"wp","href":"https:\/\/api.w.org\/{rel}","templated":true}]}}