{"id":10828,"date":"2025-05-28T18:03:47","date_gmt":"2025-05-28T22:03:47","guid":{"rendered":"https:\/\/elconquistadorredloslagos.cl\/test\/?p=10828"},"modified":"2025-05-28T18:03:47","modified_gmt":"2025-05-28T22:03:47","slug":"suralis-condonara-deudas-y-repondra-infraestructura-sanitaria-a-clientes-afectados-por-tornado-en-puerto-varas","status":"publish","type":"post","link":"https:\/\/elconquistadorredloslagos.cl\/test\/blog\/2025\/05\/28\/suralis-condonara-deudas-y-repondra-infraestructura-sanitaria-a-clientes-afectados-por-tornado-en-puerto-varas\/","title":{"rendered":"Suralis condonar\u00e1 deudas y repondr\u00e1 infraestructura sanitaria a clientes afectados por tornado en Puerto Varas"},"content":{"rendered":"\n<p>Suralis anunci\u00f3 la condonaci\u00f3n de deudas a familias cuyas viviendas resultaron afectadas por el paso del tornado en Puerto Varas, medida que tambi\u00e9n incluye a comercios.<\/p>\n\n\n\n<p>El gerente general de Suralis, Sebasti\u00e1n Febres, explic\u00f3 que la medida se tom\u00f3 con el objetivo de colaborar con familias y emprendedores que vieron afectados sus viviendas y negocios por el paso del tornado, especificando que estas ayudas se otorgar\u00e1n a quienes est\u00e9n incluidos en la ficha FIBE que aplica el municipio y entidades gubernamentales.<\/p>\n\n\n\n<figure class=\"wp-block-audio\"><audio controls src=\"https:\/\/elconquistadorredloslagos.cl\/test\/wp-content\/uploads\/2025\/05\/1.-Cuna-Sebastian-Febres.mp3\"><\/audio><\/figure>\n\n\n\n<p>Por otra parte, y junto con agradecer el trabajo mancomunado que se ha dado entre instituciones en pos de superar la emergencia, el m\u00e1ximo ejecutivo de la compa\u00f1\u00eda detall\u00f3 que tambi\u00e9n repondr\u00e1n sin costo la infraestructura sanitaria destruida o da\u00f1ada por el tornado.<\/p>\n\n\n\n<figure class=\"wp-block-audio\"><audio controls src=\"https:\/\/elconquistadorredloslagos.cl\/test\/wp-content\/uploads\/2025\/05\/2.-Cuna-Sebastian-Febres.mp3\"><\/audio><\/figure>\n\n\n\n<p>Por otra parte, Sebasti\u00e1n Febres se refiri\u00f3 al aspecto operativo de Suralis en medio de la emergencia.<\/p>\n\n\n\n<figure class=\"wp-block-audio\"><audio controls src=\"https:\/\/elconquistadorredloslagos.cl\/test\/wp-content\/uploads\/2025\/05\/3.-Cuna-Sebastian-Febres.mp3\"><\/audio><\/figure>\n\n\n\n<p>Mientras los trabajos contin\u00faan en la zona afectada, desde Suralis reiteran que se debe llamar al 600 401 4000 ante requerimientos por los servicios de agua potable y alcantarillado.<\/p>\n","protected":false},"excerpt":{"rendered":"<p>Suralis anunci\u00f3 la condonaci\u00f3n de deudas a familias cuyas viviendas resultaron afectadas por el paso del tornado en Puerto Varas, medida que tambi\u00e9n incluye a comercios. El gerente general de..<\/p>\n","protected":false},"author":2,"featured_media":10832,"comment_status":"closed","ping_status":"open","sticky":false,"template":"","format":"standard","meta":{"footnotes":""},"categories":[1,28,54],"tags":[],"class_list":["post-10828","post","type-post","status-publish","format-standard","has-post-thumbnail","hentry","category-acontecer","category-actual","category-lago-llanquihue"],"rttpg_featured_image_url":{"full":["https:\/\/elconquistadorredloslagos.cl\/test\/wp-content\/uploads\/2025\/05\/img-112.jpg",1920,1080,false],"landscape":["https:\/\/elconquistadorredloslagos.cl\/test\/wp-content\/uploads\/2025\/05\/img-112.jpg",1920,1080,false],"portraits":["https:\/\/elconquistadorredloslagos.cl\/test\/wp-content\/uploads\/2025\/05\/img-112.jpg",1920,1080,false],"thumbnail":["https:\/\/elconquistadorredloslagos.cl\/test\/wp-content\/uploads\/2025\/05\/img-112-150x150.jpg",150,150,true],"medium":["https:\/\/elconquistadorredloslagos.cl\/test\/wp-content\/uploads\/2025\/05\/img-112-300x169.jpg",300,169,true],"large":["https:\/\/elconquistadorredloslagos.cl\/test\/wp-content\/uploads\/2025\/05\/img-112-1024x576.jpg",1024,576,true],"1536x1536":["https:\/\/elconquistadorredloslagos.cl\/test\/wp-content\/uploads\/2025\/05\/img-112-1536x864.jpg",1536,864,true],"2048x2048":["https:\/\/elconquistadorredloslagos.cl\/test\/wp-content\/uploads\/2025\/05\/img-112.jpg",1920,1080,false]},"rttpg_author":{"display_name":"ccardenas","author_link":"https:\/\/elconquistadorredloslagos.cl\/test\/blog\/author\/ccardenas\/"},"rttpg_comment":0,"rttpg_category":"<a href=\"https:\/\/elconquistadorredloslagos.cl\/test\/blog\/category\/actual\/acontecer\/\" rel=\"category tag\">Acontecer<\/a> <a href=\"https:\/\/elconquistadorredloslagos.cl\/test\/blog\/category\/actual\/\" rel=\"category tag\">Actualidad<\/a> <a href=\"https:\/\/elconquistadorredloslagos.cl\/test\/blog\/category\/chile\/lago-llanquihue\/\" rel=\"category tag\">Lago LLanquihue<\/a>","rttpg_excerpt":"Suralis anunci\u00f3 la condonaci\u00f3n de deudas a familias cuyas viviendas resultaron afectadas por el paso del tornado en Puerto Varas, medida que tambi\u00e9n incluye a comercios. El gerente general de..","_links":{"self":[{"href":"https:\/\/elconquistadorredloslagos.cl\/test\/wp-json\/wp\/v2\/posts\/10828","targetHints":{"allow":["GET"]}}],"collection":[{"href":"https:\/\/elconquistadorredloslagos.cl\/test\/wp-json\/wp\/v2\/posts"}],"about":[{"href":"https:\/\/elconquistadorredloslagos.cl\/test\/wp-json\/wp\/v2\/types\/post"}],"author":[{"embeddable":true,"href":"https:\/\/elconquistadorredloslagos.cl\/test\/wp-json\/wp\/v2\/users\/2"}],"replies":[{"embeddable":true,"href":"https:\/\/elconquistadorredloslagos.cl\/test\/wp-json\/wp\/v2\/comments?post=10828"}],"version-history":[{"count":1,"href":"https:\/\/elconquistadorredloslagos.cl\/test\/wp-json\/wp\/v2\/posts\/10828\/revisions"}],"predecessor-version":[{"id":10833,"href":"https:\/\/elconquistadorredloslagos.cl\/test\/wp-json\/wp\/v2\/posts\/10828\/revisions\/10833"}],"wp:featuredmedia":[{"embeddable":true,"href":"https:\/\/elconquistadorredloslagos.cl\/test\/wp-json\/wp\/v2\/media\/10832"}],"wp:attachment":[{"href":"https:\/\/elconquistadorredloslagos.cl\/test\/wp-json\/wp\/v2\/media?parent=10828"}],"wp:term":[{"taxonomy":"category","embeddable":true,"href":"https:\/\/elconquistadorredloslagos.cl\/test\/wp-json\/wp\/v2\/categories?post=10828"},{"taxonomy":"post_tag","embeddable":true,"href":"https:\/\/elconquistadorredloslagos.cl\/test\/wp-json\/wp\/v2\/tags?post=10828"}],"curies":[{"name":"wp","href":"https:\/\/api.w.org\/{rel}","templated":true}]}}