{"id":10823,"date":"2025-05-28T17:52:02","date_gmt":"2025-05-28T21:52:02","guid":{"rendered":"https:\/\/elconquistadorredloslagos.cl\/test\/?p=10823"},"modified":"2025-05-28T17:52:02","modified_gmt":"2025-05-28T21:52:02","slug":"tension-y-expectativa-en-chiloe-ante-decisiva-etapa-de-licitacion-para-la-doble-via","status":"publish","type":"post","link":"https:\/\/elconquistadorredloslagos.cl\/test\/blog\/2025\/05\/28\/tension-y-expectativa-en-chiloe-ante-decisiva-etapa-de-licitacion-para-la-doble-via\/","title":{"rendered":"Tensi\u00f3n y expectativa en Chilo\u00e9 ante decisiva etapa de licitaci\u00f3n para la doble v\u00eda"},"content":{"rendered":"\n<p>A solo d\u00edas de la presentaci\u00f3n de ofertas t\u00e9cnicas para el proyecto de doble v\u00eda entre Chacao y Chonchi, crece la expectativa en Chilo\u00e9. La licitaci\u00f3n que se realizar\u00e1 el 4 de junio, fue postergada desde el 30 de abril por el Ministerio de Obras P\u00fablicas (MOP), para dar m\u00e1s tiempo a las empresas a fortalecer sus propuestas.<\/p>\n\n\n\n<p>Seg\u00fan el seremi Juan Fernando Alvarado, este cambio busca asegurar una adjudicaci\u00f3n s\u00f3lida del proyecto.<\/p>\n\n\n\n<figure class=\"wp-block-audio\"><audio controls src=\"https:\/\/elconquistadorredloslagos.cl\/test\/wp-content\/uploads\/2025\/05\/CUNA-SEREMI-MOP.mp3\"><\/audio><\/figure>\n\n\n\n<p>El diputado Fernando B\u00f3rquez exigi\u00f3 al gobierno cumplir con los plazos autoimpuestos y adelant\u00f3 que interpelar\u00e1 a la ministra J\u00e9ssica L\u00f3pez en la Cuenta P\u00fablica del presidente Gabriel Boric, este 1 de junio. Hasta ahora, dos empresas han adquirido las bases y se espera que presenten sus propuestas en la fecha estipulada.<\/p>\n\n\n\n<figure class=\"wp-block-audio\"><audio controls src=\"https:\/\/elconquistadorredloslagos.cl\/test\/wp-content\/uploads\/2025\/05\/DOBLE-VIA-BORQUEZ-MOP.mp3\"><\/audio><\/figure>\n\n\n\n<p>La iniciativa contempla una carretera concesionada de 110 kil\u00f3metros, m\u00e1s 16 kil\u00f3metros del bypass de Castro, lo que promete mejorar significativamente la conectividad de la isla.<\/p>\n\n\n\n<p>\ud83d\udcf7 Maqueta virtual<\/p>\n","protected":false},"excerpt":{"rendered":"<p>A solo d\u00edas de la presentaci\u00f3n de ofertas t\u00e9cnicas para el proyecto de doble v\u00eda entre Chacao y Chonchi, crece la expectativa en Chilo\u00e9. La licitaci\u00f3n que se realizar\u00e1 el..<\/p>\n","protected":false},"author":2,"featured_media":10826,"comment_status":"closed","ping_status":"open","sticky":false,"template":"","format":"standard","meta":{"footnotes":""},"categories":[1,28,51],"tags":[],"class_list":["post-10823","post","type-post","status-publish","format-standard","has-post-thumbnail","hentry","category-acontecer","category-actual","category-chiloe"],"rttpg_featured_image_url":{"full":["https:\/\/elconquistadorredloslagos.cl\/test\/wp-content\/uploads\/2025\/05\/img-111.jpg",1920,1080,false],"landscape":["https:\/\/elconquistadorredloslagos.cl\/test\/wp-content\/uploads\/2025\/05\/img-111.jpg",1920,1080,false],"portraits":["https:\/\/elconquistadorredloslagos.cl\/test\/wp-content\/uploads\/2025\/05\/img-111.jpg",1920,1080,false],"thumbnail":["https:\/\/elconquistadorredloslagos.cl\/test\/wp-content\/uploads\/2025\/05\/img-111-150x150.jpg",150,150,true],"medium":["https:\/\/elconquistadorredloslagos.cl\/test\/wp-content\/uploads\/2025\/05\/img-111-300x169.jpg",300,169,true],"large":["https:\/\/elconquistadorredloslagos.cl\/test\/wp-content\/uploads\/2025\/05\/img-111-1024x576.jpg",1024,576,true],"1536x1536":["https:\/\/elconquistadorredloslagos.cl\/test\/wp-content\/uploads\/2025\/05\/img-111-1536x864.jpg",1536,864,true],"2048x2048":["https:\/\/elconquistadorredloslagos.cl\/test\/wp-content\/uploads\/2025\/05\/img-111.jpg",1920,1080,false]},"rttpg_author":{"display_name":"ccardenas","author_link":"https:\/\/elconquistadorredloslagos.cl\/test\/blog\/author\/ccardenas\/"},"rttpg_comment":0,"rttpg_category":"<a href=\"https:\/\/elconquistadorredloslagos.cl\/test\/blog\/category\/actual\/acontecer\/\" rel=\"category tag\">Acontecer<\/a> <a href=\"https:\/\/elconquistadorredloslagos.cl\/test\/blog\/category\/actual\/\" rel=\"category tag\">Actualidad<\/a> <a href=\"https:\/\/elconquistadorredloslagos.cl\/test\/blog\/category\/chile\/chiloe\/\" rel=\"category tag\">Chilo\u00e9<\/a>","rttpg_excerpt":"A solo d\u00edas de la presentaci\u00f3n de ofertas t\u00e9cnicas para el proyecto de doble v\u00eda entre Chacao y Chonchi, crece la expectativa en Chilo\u00e9. La licitaci\u00f3n que se realizar\u00e1 el..","_links":{"self":[{"href":"https:\/\/elconquistadorredloslagos.cl\/test\/wp-json\/wp\/v2\/posts\/10823","targetHints":{"allow":["GET"]}}],"collection":[{"href":"https:\/\/elconquistadorredloslagos.cl\/test\/wp-json\/wp\/v2\/posts"}],"about":[{"href":"https:\/\/elconquistadorredloslagos.cl\/test\/wp-json\/wp\/v2\/types\/post"}],"author":[{"embeddable":true,"href":"https:\/\/elconquistadorredloslagos.cl\/test\/wp-json\/wp\/v2\/users\/2"}],"replies":[{"embeddable":true,"href":"https:\/\/elconquistadorredloslagos.cl\/test\/wp-json\/wp\/v2\/comments?post=10823"}],"version-history":[{"count":1,"href":"https:\/\/elconquistadorredloslagos.cl\/test\/wp-json\/wp\/v2\/posts\/10823\/revisions"}],"predecessor-version":[{"id":10827,"href":"https:\/\/elconquistadorredloslagos.cl\/test\/wp-json\/wp\/v2\/posts\/10823\/revisions\/10827"}],"wp:featuredmedia":[{"embeddable":true,"href":"https:\/\/elconquistadorredloslagos.cl\/test\/wp-json\/wp\/v2\/media\/10826"}],"wp:attachment":[{"href":"https:\/\/elconquistadorredloslagos.cl\/test\/wp-json\/wp\/v2\/media?parent=10823"}],"wp:term":[{"taxonomy":"category","embeddable":true,"href":"https:\/\/elconquistadorredloslagos.cl\/test\/wp-json\/wp\/v2\/categories?post=10823"},{"taxonomy":"post_tag","embeddable":true,"href":"https:\/\/elconquistadorredloslagos.cl\/test\/wp-json\/wp\/v2\/tags?post=10823"}],"curies":[{"name":"wp","href":"https:\/\/api.w.org\/{rel}","templated":true}]}}