{"id":10818,"date":"2025-05-28T17:16:38","date_gmt":"2025-05-28T21:16:38","guid":{"rendered":"https:\/\/elconquistadorredloslagos.cl\/test\/?p=10818"},"modified":"2025-05-28T17:16:39","modified_gmt":"2025-05-28T21:16:39","slug":"cuando-la-licencia-medica-se-convierte-en-pasaporte-crece-polemica-en-chiloe-y-en-el-resto-del-pais","status":"publish","type":"post","link":"https:\/\/elconquistadorredloslagos.cl\/test\/blog\/2025\/05\/28\/cuando-la-licencia-medica-se-convierte-en-pasaporte-crece-polemica-en-chiloe-y-en-el-resto-del-pais\/","title":{"rendered":"Cuando la licencia m\u00e9dica se convierte en pasaporte: crece pol\u00e9mica en Chilo\u00e9 y en el resto del pa\u00eds"},"content":{"rendered":"\n<p>El esc\u00e1ndalo por funcionarios p\u00fablicos que viajaron al extranjero mientras estaban con licencia m\u00e9dica ya ha tenido sus repercusiones en la regi\u00f3n de Los Lagos. La situaci\u00f3n dada a conocer por la Contralor\u00eda General de la Rep\u00fablica (CGR) ha generado un fuerte impacto nacional y regional, involucrando a m\u00e1s de 25 mil trabajadores del Estado entre los a\u00f1os 2023 y 2024.<\/p>\n\n\n\n<p>Particular preocupaci\u00f3n genera el caso de Chilo\u00e9, donde se identificaron 448 funcionarios involucrados pertenecientes a municipalidades, corporaciones municipales, departamentos de educaci\u00f3n (DAEM) y el Servicio de Salud Chilo\u00e9. El alcalde de Queilen y presidente de la Asociaci\u00f3n de Municipios de Chilo\u00e9, Marcos Vargas, se refiri\u00f3 a esta compleja situaci\u00f3n. \u00a0<\/p>\n\n\n\n<figure class=\"wp-block-audio\"><audio controls src=\"https:\/\/elconquistadorredloslagos.cl\/test\/wp-content\/uploads\/2025\/05\/cuna-MARCOS-VARGAS.mp3\"><\/audio><\/figure>\n\n\n\n<p>Desde el Ejecutivo, el Presidente Gabriel Boric abord\u00f3 el tema durante una visita rel\u00e1mpago a Puerto Varas en medio de la emergencia por el tornado. El mandatario calific\u00f3 los hechos como una vulneraci\u00f3n grave a la fe p\u00fablica, afirmando que deben aplicarse todos los procedimientos administrativos que contempla la ley, con la mayor rigurosidad.<\/p>\n\n\n\n<figure class=\"wp-block-audio\"><audio controls src=\"https:\/\/elconquistadorredloslagos.cl\/test\/wp-content\/uploads\/2025\/05\/cuna-boric.mp3\"><\/audio><\/figure>\n\n\n\n<p>Por su parte, la contralora general Dorothy P\u00e9rez al exponer en el Senado, anunci\u00f3 que este tipo de auditor\u00edas se realizar\u00e1n anualmente y se ampliar\u00e1n a otros \u00e1mbitos, incluyendo a las Fuerzas Armadas. Adem\u00e1s, se fiscalizar\u00e1n los viajes realizados dentro del pa\u00eds por funcionarios que est\u00e9n con licencia m\u00e9dica.<\/p>\n","protected":false},"excerpt":{"rendered":"<p>El esc\u00e1ndalo por funcionarios p\u00fablicos que viajaron al extranjero mientras estaban con licencia m\u00e9dica ya ha tenido sus repercusiones en la regi\u00f3n de Los Lagos. La situaci\u00f3n dada a conocer..<\/p>\n","protected":false},"author":2,"featured_media":10821,"comment_status":"closed","ping_status":"open","sticky":false,"template":"","format":"standard","meta":{"footnotes":""},"categories":[1,28,51],"tags":[],"class_list":["post-10818","post","type-post","status-publish","format-standard","has-post-thumbnail","hentry","category-acontecer","category-actual","category-chiloe"],"rttpg_featured_image_url":{"full":["https:\/\/elconquistadorredloslagos.cl\/test\/wp-content\/uploads\/2025\/05\/img-110.jpg",720,400,false],"landscape":["https:\/\/elconquistadorredloslagos.cl\/test\/wp-content\/uploads\/2025\/05\/img-110.jpg",720,400,false],"portraits":["https:\/\/elconquistadorredloslagos.cl\/test\/wp-content\/uploads\/2025\/05\/img-110.jpg",720,400,false],"thumbnail":["https:\/\/elconquistadorredloslagos.cl\/test\/wp-content\/uploads\/2025\/05\/img-110-150x150.jpg",150,150,true],"medium":["https:\/\/elconquistadorredloslagos.cl\/test\/wp-content\/uploads\/2025\/05\/img-110-300x167.jpg",300,167,true],"large":["https:\/\/elconquistadorredloslagos.cl\/test\/wp-content\/uploads\/2025\/05\/img-110.jpg",720,400,false],"1536x1536":["https:\/\/elconquistadorredloslagos.cl\/test\/wp-content\/uploads\/2025\/05\/img-110.jpg",720,400,false],"2048x2048":["https:\/\/elconquistadorredloslagos.cl\/test\/wp-content\/uploads\/2025\/05\/img-110.jpg",720,400,false]},"rttpg_author":{"display_name":"ccardenas","author_link":"https:\/\/elconquistadorredloslagos.cl\/test\/blog\/author\/ccardenas\/"},"rttpg_comment":0,"rttpg_category":"<a href=\"https:\/\/elconquistadorredloslagos.cl\/test\/blog\/category\/actual\/acontecer\/\" rel=\"category tag\">Acontecer<\/a> <a href=\"https:\/\/elconquistadorredloslagos.cl\/test\/blog\/category\/actual\/\" rel=\"category tag\">Actualidad<\/a> <a href=\"https:\/\/elconquistadorredloslagos.cl\/test\/blog\/category\/chile\/chiloe\/\" rel=\"category tag\">Chilo\u00e9<\/a>","rttpg_excerpt":"El esc\u00e1ndalo por funcionarios p\u00fablicos que viajaron al extranjero mientras estaban con licencia m\u00e9dica ya ha tenido sus repercusiones en la regi\u00f3n de Los Lagos. La situaci\u00f3n dada a conocer..","_links":{"self":[{"href":"https:\/\/elconquistadorredloslagos.cl\/test\/wp-json\/wp\/v2\/posts\/10818","targetHints":{"allow":["GET"]}}],"collection":[{"href":"https:\/\/elconquistadorredloslagos.cl\/test\/wp-json\/wp\/v2\/posts"}],"about":[{"href":"https:\/\/elconquistadorredloslagos.cl\/test\/wp-json\/wp\/v2\/types\/post"}],"author":[{"embeddable":true,"href":"https:\/\/elconquistadorredloslagos.cl\/test\/wp-json\/wp\/v2\/users\/2"}],"replies":[{"embeddable":true,"href":"https:\/\/elconquistadorredloslagos.cl\/test\/wp-json\/wp\/v2\/comments?post=10818"}],"version-history":[{"count":1,"href":"https:\/\/elconquistadorredloslagos.cl\/test\/wp-json\/wp\/v2\/posts\/10818\/revisions"}],"predecessor-version":[{"id":10822,"href":"https:\/\/elconquistadorredloslagos.cl\/test\/wp-json\/wp\/v2\/posts\/10818\/revisions\/10822"}],"wp:featuredmedia":[{"embeddable":true,"href":"https:\/\/elconquistadorredloslagos.cl\/test\/wp-json\/wp\/v2\/media\/10821"}],"wp:attachment":[{"href":"https:\/\/elconquistadorredloslagos.cl\/test\/wp-json\/wp\/v2\/media?parent=10818"}],"wp:term":[{"taxonomy":"category","embeddable":true,"href":"https:\/\/elconquistadorredloslagos.cl\/test\/wp-json\/wp\/v2\/categories?post=10818"},{"taxonomy":"post_tag","embeddable":true,"href":"https:\/\/elconquistadorredloslagos.cl\/test\/wp-json\/wp\/v2\/tags?post=10818"}],"curies":[{"name":"wp","href":"https:\/\/api.w.org\/{rel}","templated":true}]}}