{"id":10814,"date":"2025-05-28T16:44:14","date_gmt":"2025-05-28T20:44:14","guid":{"rendered":"https:\/\/elconquistadorredloslagos.cl\/test\/?p=10814"},"modified":"2025-05-29T11:22:37","modified_gmt":"2025-05-29T15:22:37","slug":"circulacion-de-videos-en-redes-sociales-generan-temor-de-nuevo-tornado-en-los-lagos","status":"publish","type":"post","link":"https:\/\/elconquistadorredloslagos.cl\/test\/blog\/2025\/05\/28\/circulacion-de-videos-en-redes-sociales-generan-temor-de-nuevo-tornado-en-los-lagos\/","title":{"rendered":"Circulaci\u00f3n de videos en redes sociales generan temor de nuevo tornado en Los Lagos"},"content":{"rendered":"\n<p>Durante la tarde de este martes, la difusi\u00f3n de impactantes videos en redes sociales gener\u00f3 preocupaci\u00f3n entre los habitantes de la ciudad de la Regi\u00f3n de Los Lagos. Las im\u00e1genes captadas en el sector de Alerce, mostraban una formaci\u00f3n nubosa que muchos interpretaron como un posible nuevo tornado, generando alarma ciudadana.<\/p>\n\n\n\n<p>La reacci\u00f3n no fue menor, considerando que el pasado fin de semana un tornado afect\u00f3 a la comuna de Puerto Varas, provocando importantes da\u00f1os materiales y dejando a la comunidad en estado de alerta.<\/p>\n\n\n\n<p>No obstante, autoridades locales consultaron con la Direcci\u00f3n Meteorol\u00f3gica de Chile (DMC). Por medio de un comunicado difundido en sus redes sociales, la Ilustre Municipalidad de Puerto Varas informaba lo siguiente: \u201cConsultado el equipo t\u00e9cnico de la Direcci\u00f3n de meteorolog\u00eda de la DGAC, se ha descartado que la formaci\u00f3n de nubes convectiva (de columna) se trate de un nuevo evento de tornado\u201d.<\/p>\n\n\n\n<p>El escrito a\u00f1ade que \u201cLlamamos a la poblaci\u00f3n a estar atentos y alertas a las condiciones meteorol\u00f3gicas, y al mismo tiempo a estar tranquilos debido a que las condiciones climatol\u00f3gicas se encuentran estables y en una evoluci\u00f3n favorable para continuar los trabajos de gesti\u00f3n de la emergencia vivida\u201d, se indica.<\/p>\n\n\n\n<p>A continuaci\u00f3n uno de los videos:<\/p>\n\n\n\n<figure class=\"wp-block-video\"><video height=\"1080\" style=\"aspect-ratio: 1920 \/ 1080;\" width=\"1920\" controls src=\"https:\/\/elconquistadorredloslagos.cl\/test\/wp-content\/uploads\/2025\/05\/TORNADO-video-converter.com_.mp4\"><\/video><\/figure>\n\n\n\n<p>\ud83d\udcf7 \ud83c\udfa5 (Captura de video) &#8211; Redes sociales<\/p>\n","protected":false},"excerpt":{"rendered":"<p>Durante la tarde de este martes, la difusi\u00f3n de impactantes videos en redes sociales gener\u00f3 preocupaci\u00f3n entre los habitantes de la ciudad de la Regi\u00f3n de Los Lagos. Las im\u00e1genes..<\/p>\n","protected":false},"author":2,"featured_media":10816,"comment_status":"closed","ping_status":"open","sticky":false,"template":"","format":"standard","meta":{"footnotes":""},"categories":[1,28,54],"tags":[],"class_list":["post-10814","post","type-post","status-publish","format-standard","has-post-thumbnail","hentry","category-acontecer","category-actual","category-lago-llanquihue"],"rttpg_featured_image_url":{"full":["https:\/\/elconquistadorredloslagos.cl\/test\/wp-content\/uploads\/2025\/05\/New-Movie-17.Movie_Instantanea.jpg",720,400,false],"landscape":["https:\/\/elconquistadorredloslagos.cl\/test\/wp-content\/uploads\/2025\/05\/New-Movie-17.Movie_Instantanea.jpg",720,400,false],"portraits":["https:\/\/elconquistadorredloslagos.cl\/test\/wp-content\/uploads\/2025\/05\/New-Movie-17.Movie_Instantanea.jpg",720,400,false],"thumbnail":["https:\/\/elconquistadorredloslagos.cl\/test\/wp-content\/uploads\/2025\/05\/New-Movie-17.Movie_Instantanea-150x150.jpg",150,150,true],"medium":["https:\/\/elconquistadorredloslagos.cl\/test\/wp-content\/uploads\/2025\/05\/New-Movie-17.Movie_Instantanea-300x167.jpg",300,167,true],"large":["https:\/\/elconquistadorredloslagos.cl\/test\/wp-content\/uploads\/2025\/05\/New-Movie-17.Movie_Instantanea.jpg",720,400,false],"1536x1536":["https:\/\/elconquistadorredloslagos.cl\/test\/wp-content\/uploads\/2025\/05\/New-Movie-17.Movie_Instantanea.jpg",720,400,false],"2048x2048":["https:\/\/elconquistadorredloslagos.cl\/test\/wp-content\/uploads\/2025\/05\/New-Movie-17.Movie_Instantanea.jpg",720,400,false]},"rttpg_author":{"display_name":"ccardenas","author_link":"https:\/\/elconquistadorredloslagos.cl\/test\/blog\/author\/ccardenas\/"},"rttpg_comment":0,"rttpg_category":"<a href=\"https:\/\/elconquistadorredloslagos.cl\/test\/blog\/category\/actual\/acontecer\/\" rel=\"category tag\">Acontecer<\/a> <a href=\"https:\/\/elconquistadorredloslagos.cl\/test\/blog\/category\/actual\/\" rel=\"category tag\">Actualidad<\/a> <a href=\"https:\/\/elconquistadorredloslagos.cl\/test\/blog\/category\/chile\/lago-llanquihue\/\" rel=\"category tag\">Lago LLanquihue<\/a>","rttpg_excerpt":"Durante la tarde de este martes, la difusi\u00f3n de impactantes videos en redes sociales gener\u00f3 preocupaci\u00f3n entre los habitantes de la ciudad de la Regi\u00f3n de Los Lagos. Las im\u00e1genes..","_links":{"self":[{"href":"https:\/\/elconquistadorredloslagos.cl\/test\/wp-json\/wp\/v2\/posts\/10814","targetHints":{"allow":["GET"]}}],"collection":[{"href":"https:\/\/elconquistadorredloslagos.cl\/test\/wp-json\/wp\/v2\/posts"}],"about":[{"href":"https:\/\/elconquistadorredloslagos.cl\/test\/wp-json\/wp\/v2\/types\/post"}],"author":[{"embeddable":true,"href":"https:\/\/elconquistadorredloslagos.cl\/test\/wp-json\/wp\/v2\/users\/2"}],"replies":[{"embeddable":true,"href":"https:\/\/elconquistadorredloslagos.cl\/test\/wp-json\/wp\/v2\/comments?post=10814"}],"version-history":[{"count":2,"href":"https:\/\/elconquistadorredloslagos.cl\/test\/wp-json\/wp\/v2\/posts\/10814\/revisions"}],"predecessor-version":[{"id":10849,"href":"https:\/\/elconquistadorredloslagos.cl\/test\/wp-json\/wp\/v2\/posts\/10814\/revisions\/10849"}],"wp:featuredmedia":[{"embeddable":true,"href":"https:\/\/elconquistadorredloslagos.cl\/test\/wp-json\/wp\/v2\/media\/10816"}],"wp:attachment":[{"href":"https:\/\/elconquistadorredloslagos.cl\/test\/wp-json\/wp\/v2\/media?parent=10814"}],"wp:term":[{"taxonomy":"category","embeddable":true,"href":"https:\/\/elconquistadorredloslagos.cl\/test\/wp-json\/wp\/v2\/categories?post=10814"},{"taxonomy":"post_tag","embeddable":true,"href":"https:\/\/elconquistadorredloslagos.cl\/test\/wp-json\/wp\/v2\/tags?post=10814"}],"curies":[{"name":"wp","href":"https:\/\/api.w.org\/{rel}","templated":true}]}}