{"id":10806,"date":"2025-05-28T13:46:29","date_gmt":"2025-05-28T17:46:29","guid":{"rendered":"https:\/\/elconquistadorredloslagos.cl\/test\/?p=10806"},"modified":"2025-05-28T14:22:33","modified_gmt":"2025-05-28T18:22:33","slug":"alcalde-de-frutillar-confirma-sumarios-administrativos-por-caso-de-licencias-medicas-con-viajes-al-extranjero","status":"publish","type":"post","link":"https:\/\/elconquistadorredloslagos.cl\/test\/blog\/2025\/05\/28\/alcalde-de-frutillar-confirma-sumarios-administrativos-por-caso-de-licencias-medicas-con-viajes-al-extranjero\/","title":{"rendered":"Alcalde de Frutillar confirma sumarios administrativos por caso de licencias m\u00e9dicas con viajes al extranjero"},"content":{"rendered":"\n<h5 class=\"wp-block-heading\"><em>El alcalde de Frutillar, Javier Arismendi, confirm\u00f3 que el municipio ha iniciado sumarios administrativos contra ocho funcionarios involucrados en el uso de licencias m\u00e9dicas mientras realizaban viajes fuera del pa\u00eds, en el marco de una investigaci\u00f3n impulsada por la Contralor\u00eda General de la Rep\u00fablica y que ha generado repercusiones a nivel nacional.<\/em><\/h5>\n\n\n\n<p>\u201cEste es un caso que ha impactado al pa\u00eds. No se trata solamente de un municipio, sino de muchas instituciones p\u00fablicas que hoy est\u00e1n siendo cuestionadas. Lamentablemente, Frutillar no ha sido la excepci\u00f3n\u201d, se\u00f1al\u00f3 el jefe comunal.<\/p>\n\n\n\n<p>De acuerdo con la informaci\u00f3n entregada por el alcalde, en el caso de Frutillar se identificaron cuatro eventos irregulares en el municipio y nueve en el Departamento de Salud, los cuales corresponden a un total de ocho funcionarios: tres dependientes de la Municipalidad y cinco del \u00e1rea de Salud.<\/p>\n\n\n\n<p>\u201cLo que se\u00f1ala Contralor\u00eda en este caso son las salidas y entradas al extranjero durante per\u00edodos de licencia m\u00e9dica. No me referir\u00e9 m\u00e1s all\u00e1 del n\u00famero total de funcionarios involucrados, por resguardo de las personas afectadas, tal como ha indicado la Contralor\u00eda\u201d, explic\u00f3 Arismendi.<\/p>\n\n\n\n<p>El jefe comunal agreg\u00f3 que ya se instruyeron los sumarios administrativos correspondientes: \u201cLos procesos est\u00e1n en marcha. Son sumarios individuales, no colectivos, con un actuario designado para cada uno de ellos, tal como lo establece la normativa\u201d.<\/p>\n\n\n\n<p>Asimismo, Javier Arismendi aclar\u00f3 que los hechos en cuesti\u00f3n corresponden exclusivamente a los a\u00f1os 2023 y 2024, y s\u00f3lo contemplan movimientos fuera del pa\u00eds. \u201cNo sabemos si Contralor\u00eda seguir\u00e1 indagando m\u00e1s all\u00e1, si incluir\u00e1 a\u00f1os anteriores o movimientos dentro de Chile, pero por ahora nos estamos haciendo cargo de lo que se nos ha instruido\u201d, dijo.<\/p>\n\n\n\n<p>El alcalde de Frutillar tambi\u00e9n se refiri\u00f3 al tipo de contrato de los funcionarios implicados: \u201cMuchos nos han preguntado si pueden ser desvinculados de inmediato, pero al tratarse de funcionarios de planta y contrata \u2014no regidos por el C\u00f3digo del Trabajo\u2014, el camino correcto es el sumario administrativo. S\u00f3lo al t\u00e9rmino de ese proceso se podr\u00e1n evaluar sanciones o medidas disciplinarias, seg\u00fan determine el fiscal del caso\u201d.<\/p>\n\n\n\n<p>Por \u00faltimo, Arismendi explic\u00f3 que no se emiti\u00f3 un comunicado oficial anteriormente debido a que durante el fin de semana el municipio estuvo desarrollando una feria de salud, y en los \u00faltimos d\u00edas ha estado colaborando activamente con la emergencia en Puerto Varas tras el paso de un tornado. \u201cHoy, dentro de los plazos establecidos por Contralor\u00eda, damos a conocer p\u00fablicamente los pasos que estamos tomando como municipio\u201d, concluy\u00f3.<\/p>\n","protected":false},"excerpt":{"rendered":"<p>El alcalde de Frutillar, Javier Arismendi, confirm\u00f3 que el municipio ha iniciado sumarios administrativos contra ocho funcionarios involucrados en el uso de licencias m\u00e9dicas mientras realizaban viajes fuera del pa\u00eds,..<\/p>\n","protected":false},"author":7,"featured_media":10807,"comment_status":"closed","ping_status":"open","sticky":false,"template":"","format":"standard","meta":{"footnotes":""},"categories":[1,28,54,38],"tags":[],"class_list":["post-10806","post","type-post","status-publish","format-standard","has-post-thumbnail","hentry","category-acontecer","category-actual","category-lago-llanquihue","category-politica"],"rttpg_featured_image_url":{"full":["https:\/\/elconquistadorredloslagos.cl\/test\/wp-content\/uploads\/2025\/05\/alacalde-de-frutillar-sumarios.png",1920,1080,false],"landscape":["https:\/\/elconquistadorredloslagos.cl\/test\/wp-content\/uploads\/2025\/05\/alacalde-de-frutillar-sumarios.png",1920,1080,false],"portraits":["https:\/\/elconquistadorredloslagos.cl\/test\/wp-content\/uploads\/2025\/05\/alacalde-de-frutillar-sumarios.png",1920,1080,false],"thumbnail":["https:\/\/elconquistadorredloslagos.cl\/test\/wp-content\/uploads\/2025\/05\/alacalde-de-frutillar-sumarios-150x150.png",150,150,true],"medium":["https:\/\/elconquistadorredloslagos.cl\/test\/wp-content\/uploads\/2025\/05\/alacalde-de-frutillar-sumarios-300x169.png",300,169,true],"large":["https:\/\/elconquistadorredloslagos.cl\/test\/wp-content\/uploads\/2025\/05\/alacalde-de-frutillar-sumarios-1024x576.png",1024,576,true],"1536x1536":["https:\/\/elconquistadorredloslagos.cl\/test\/wp-content\/uploads\/2025\/05\/alacalde-de-frutillar-sumarios-1536x864.png",1536,864,true],"2048x2048":["https:\/\/elconquistadorredloslagos.cl\/test\/wp-content\/uploads\/2025\/05\/alacalde-de-frutillar-sumarios.png",1920,1080,false]},"rttpg_author":{"display_name":"enzodelahoz1988","author_link":"https:\/\/elconquistadorredloslagos.cl\/test\/blog\/author\/enzodelahoz1988\/"},"rttpg_comment":0,"rttpg_category":"<a href=\"https:\/\/elconquistadorredloslagos.cl\/test\/blog\/category\/actual\/acontecer\/\" rel=\"category tag\">Acontecer<\/a> <a href=\"https:\/\/elconquistadorredloslagos.cl\/test\/blog\/category\/actual\/\" rel=\"category tag\">Actualidad<\/a> <a href=\"https:\/\/elconquistadorredloslagos.cl\/test\/blog\/category\/chile\/lago-llanquihue\/\" rel=\"category tag\">Lago LLanquihue<\/a> <a href=\"https:\/\/elconquistadorredloslagos.cl\/test\/blog\/category\/actual\/politica\/\" rel=\"category tag\">Politica<\/a>","rttpg_excerpt":"El alcalde de Frutillar, Javier Arismendi, confirm\u00f3 que el municipio ha iniciado sumarios administrativos contra ocho funcionarios involucrados en el uso de licencias m\u00e9dicas mientras realizaban viajes fuera del pa\u00eds,..","_links":{"self":[{"href":"https:\/\/elconquistadorredloslagos.cl\/test\/wp-json\/wp\/v2\/posts\/10806","targetHints":{"allow":["GET"]}}],"collection":[{"href":"https:\/\/elconquistadorredloslagos.cl\/test\/wp-json\/wp\/v2\/posts"}],"about":[{"href":"https:\/\/elconquistadorredloslagos.cl\/test\/wp-json\/wp\/v2\/types\/post"}],"author":[{"embeddable":true,"href":"https:\/\/elconquistadorredloslagos.cl\/test\/wp-json\/wp\/v2\/users\/7"}],"replies":[{"embeddable":true,"href":"https:\/\/elconquistadorredloslagos.cl\/test\/wp-json\/wp\/v2\/comments?post=10806"}],"version-history":[{"count":2,"href":"https:\/\/elconquistadorredloslagos.cl\/test\/wp-json\/wp\/v2\/posts\/10806\/revisions"}],"predecessor-version":[{"id":10810,"href":"https:\/\/elconquistadorredloslagos.cl\/test\/wp-json\/wp\/v2\/posts\/10806\/revisions\/10810"}],"wp:featuredmedia":[{"embeddable":true,"href":"https:\/\/elconquistadorredloslagos.cl\/test\/wp-json\/wp\/v2\/media\/10807"}],"wp:attachment":[{"href":"https:\/\/elconquistadorredloslagos.cl\/test\/wp-json\/wp\/v2\/media?parent=10806"}],"wp:term":[{"taxonomy":"category","embeddable":true,"href":"https:\/\/elconquistadorredloslagos.cl\/test\/wp-json\/wp\/v2\/categories?post=10806"},{"taxonomy":"post_tag","embeddable":true,"href":"https:\/\/elconquistadorredloslagos.cl\/test\/wp-json\/wp\/v2\/tags?post=10806"}],"curies":[{"name":"wp","href":"https:\/\/api.w.org\/{rel}","templated":true}]}}