{"id":10803,"date":"2025-05-28T13:20:09","date_gmt":"2025-05-28T17:20:09","guid":{"rendered":"https:\/\/elconquistadorredloslagos.cl\/test\/?p=10803"},"modified":"2025-05-28T13:20:09","modified_gmt":"2025-05-28T17:20:09","slug":"viajes-en-reposo-gobernador-santana-anuncia-medidas-drasticas-por-presuntas-irregularidades-en-el-gore-los-lagos","status":"publish","type":"post","link":"https:\/\/elconquistadorredloslagos.cl\/test\/blog\/2025\/05\/28\/viajes-en-reposo-gobernador-santana-anuncia-medidas-drasticas-por-presuntas-irregularidades-en-el-gore-los-lagos\/","title":{"rendered":"Viajes en reposo: Gobernador Santana anuncia medidas dr\u00e1sticas por presuntas irregularidades en el GORE Los Lagos"},"content":{"rendered":"\n<p>El gobernador de Los Lagos, Alejandro Santana, confirm\u00f3 la apertura de seis sumarios administrativos para esclarecer una serie de viajes al extranjero realizados por funcionarios p\u00fablicos mientras se encontraban con licencias m\u00e9dicas, en medio del esc\u00e1ndalo nacional que sacude a diferentes instituciones p\u00fablicas.<\/p>\n\n\n\n<p>Las investigaciones buscan determinar c\u00f3mo se concretaron ocho salidas del pa\u00eds entre 2023 y 2024 a trav\u00e9s de pasos fronterizos como Cardenal Samor\u00e9, Vicente P\u00e9rez Rosales, Temuco y Los Libertadores.<\/p>\n\n\n\n<p>Santana asegur\u00f3 que de comprobarse algunas faltas, los responsables ser\u00e1n desvinculados de sus cargos. Adem\u00e1s instruy\u00f3 a la Unidad de Administraci\u00f3n y Finanzas del GORE, revisar el comportamiento de los trabajadores durante los \u00faltimos cinco a\u00f1os, con el objetivo de identificar nuevas posibles infracciones.<\/p>\n\n\n\n<p>La autoridad regional hizo un llamado a reforzar los mecanismos de control, tanto desde las entidades que supervisan las licencias m\u00e9dicas como desde las propias reparticiones p\u00fablicas, enfatizando que no se tolerar\u00e1n actos que vulneren la probidad en el servicio p\u00fablico.<\/p>\n\n\n\n<p>\ud83d\udcf7 Redes sociales<\/p>\n","protected":false},"excerpt":{"rendered":"<p>El gobernador de Los Lagos, Alejandro Santana, confirm\u00f3 la apertura de seis sumarios administrativos para esclarecer una serie de viajes al extranjero realizados por funcionarios p\u00fablicos mientras se encontraban con..<\/p>\n","protected":false},"author":2,"featured_media":10804,"comment_status":"closed","ping_status":"open","sticky":false,"template":"","format":"standard","meta":{"footnotes":""},"categories":[1,28,56],"tags":[],"class_list":["post-10803","post","type-post","status-publish","format-standard","has-post-thumbnail","hentry","category-acontecer","category-actual","category-puerto-montt"],"rttpg_featured_image_url":{"full":["https:\/\/elconquistadorredloslagos.cl\/test\/wp-content\/uploads\/2025\/05\/img-108.jpg",1920,1080,false],"landscape":["https:\/\/elconquistadorredloslagos.cl\/test\/wp-content\/uploads\/2025\/05\/img-108.jpg",1920,1080,false],"portraits":["https:\/\/elconquistadorredloslagos.cl\/test\/wp-content\/uploads\/2025\/05\/img-108.jpg",1920,1080,false],"thumbnail":["https:\/\/elconquistadorredloslagos.cl\/test\/wp-content\/uploads\/2025\/05\/img-108-150x150.jpg",150,150,true],"medium":["https:\/\/elconquistadorredloslagos.cl\/test\/wp-content\/uploads\/2025\/05\/img-108-300x169.jpg",300,169,true],"large":["https:\/\/elconquistadorredloslagos.cl\/test\/wp-content\/uploads\/2025\/05\/img-108-1024x576.jpg",1024,576,true],"1536x1536":["https:\/\/elconquistadorredloslagos.cl\/test\/wp-content\/uploads\/2025\/05\/img-108-1536x864.jpg",1536,864,true],"2048x2048":["https:\/\/elconquistadorredloslagos.cl\/test\/wp-content\/uploads\/2025\/05\/img-108.jpg",1920,1080,false]},"rttpg_author":{"display_name":"ccardenas","author_link":"https:\/\/elconquistadorredloslagos.cl\/test\/blog\/author\/ccardenas\/"},"rttpg_comment":0,"rttpg_category":"<a href=\"https:\/\/elconquistadorredloslagos.cl\/test\/blog\/category\/actual\/acontecer\/\" rel=\"category tag\">Acontecer<\/a> <a href=\"https:\/\/elconquistadorredloslagos.cl\/test\/blog\/category\/actual\/\" rel=\"category tag\">Actualidad<\/a> <a href=\"https:\/\/elconquistadorredloslagos.cl\/test\/blog\/category\/chile\/puerto-montt\/\" rel=\"category tag\">Puerto Montt<\/a>","rttpg_excerpt":"El gobernador de Los Lagos, Alejandro Santana, confirm\u00f3 la apertura de seis sumarios administrativos para esclarecer una serie de viajes al extranjero realizados por funcionarios p\u00fablicos mientras se encontraban con..","_links":{"self":[{"href":"https:\/\/elconquistadorredloslagos.cl\/test\/wp-json\/wp\/v2\/posts\/10803","targetHints":{"allow":["GET"]}}],"collection":[{"href":"https:\/\/elconquistadorredloslagos.cl\/test\/wp-json\/wp\/v2\/posts"}],"about":[{"href":"https:\/\/elconquistadorredloslagos.cl\/test\/wp-json\/wp\/v2\/types\/post"}],"author":[{"embeddable":true,"href":"https:\/\/elconquistadorredloslagos.cl\/test\/wp-json\/wp\/v2\/users\/2"}],"replies":[{"embeddable":true,"href":"https:\/\/elconquistadorredloslagos.cl\/test\/wp-json\/wp\/v2\/comments?post=10803"}],"version-history":[{"count":1,"href":"https:\/\/elconquistadorredloslagos.cl\/test\/wp-json\/wp\/v2\/posts\/10803\/revisions"}],"predecessor-version":[{"id":10805,"href":"https:\/\/elconquistadorredloslagos.cl\/test\/wp-json\/wp\/v2\/posts\/10803\/revisions\/10805"}],"wp:featuredmedia":[{"embeddable":true,"href":"https:\/\/elconquistadorredloslagos.cl\/test\/wp-json\/wp\/v2\/media\/10804"}],"wp:attachment":[{"href":"https:\/\/elconquistadorredloslagos.cl\/test\/wp-json\/wp\/v2\/media?parent=10803"}],"wp:term":[{"taxonomy":"category","embeddable":true,"href":"https:\/\/elconquistadorredloslagos.cl\/test\/wp-json\/wp\/v2\/categories?post=10803"},{"taxonomy":"post_tag","embeddable":true,"href":"https:\/\/elconquistadorredloslagos.cl\/test\/wp-json\/wp\/v2\/tags?post=10803"}],"curies":[{"name":"wp","href":"https:\/\/api.w.org\/{rel}","templated":true}]}}