{"id":10800,"date":"2025-05-28T12:52:28","date_gmt":"2025-05-28T16:52:28","guid":{"rendered":"https:\/\/elconquistadorredloslagos.cl\/test\/?p=10800"},"modified":"2025-05-28T12:52:29","modified_gmt":"2025-05-28T16:52:29","slug":"tres-fiscales-con-dedicacion-exclusiva-investigaran-los-casos-de-licencias-irregulares-en-puerto-montt","status":"publish","type":"post","link":"https:\/\/elconquistadorredloslagos.cl\/test\/blog\/2025\/05\/28\/tres-fiscales-con-dedicacion-exclusiva-investigaran-los-casos-de-licencias-irregulares-en-puerto-montt\/","title":{"rendered":"Tres fiscales con dedicaci\u00f3n exclusiva investigar\u00e1n los casos de licencias irregulares en Puerto Montt"},"content":{"rendered":"\n<h5 class=\"wp-block-heading\"><em>La Municipalidad de Puerto Montt design\u00f3 a tres fiscales para trabajar con dedicaci\u00f3n exclusiva en la investigaci\u00f3n de los 341 funcionarios que, seg\u00fan el informe emanado por la Contralor\u00eda General de la Rep\u00fablica, viajaron al extranjero mientras se encontraban con licencia m\u00e9dica.<\/em><\/h5>\n\n\n\n<p>Se trata de profesionales del \u00e1rea Municipal y de los departamentos de Educaci\u00f3n y Salud, quienes ser\u00e1n complementados en su labor por cuatro abogados que se sumar\u00e1n a las indagatorias, con el objetivo de iniciar los sumarios y adoptar las medidas administrativas correspondientes.<\/p>\n\n\n\n<p>El alcalde Rodrigo Wainraihgt Galilea enfatiz\u00f3 que \u201cPuerto Montt es una de las comunas con m\u00e1s licencias m\u00e9dicas, con personas que las utilizaron para viajes al extranjero, y por lo tanto hemos puesto una dedicaci\u00f3n exclusiva de fiscales\u201d.<\/p>\n\n\n\n<p>\u201cHemos designado tres fiscales con tres ayudantes, justamente para hacernos cargo de este tema. Pero adem\u00e1s, de manera in\u00e9dita, vamos a contratar cuatro abogados para que de manera exclusiva trabajen en estos temas. La idea es llevar adelante estos sumarios y tenerlos listos en 60 d\u00edas\u201d, agreg\u00f3 el jefe comunal.<\/p>\n\n\n\n<p>El municipio recibi\u00f3 el viernes pasado la notificaci\u00f3n de la Contralor\u00eda General de la Rep\u00fablica. A partir de ah\u00ed, el lunes fueron instruidos los sumarios, el martes fueron notificados los fiscales y desde este mi\u00e9rcoles est\u00e1n en funciones, considerando la magnitud del trabajo y las dificultades que se pueden presentar.<\/p>\n\n\n\n<p>El alcalde remarc\u00f3 que \u201cvamos a tomar todas las medidas pertinentes y ya lo estamos haciendo, de manera r\u00e1pida, dr\u00e1stica y eficiente\u201d, para responder frente a hechos que calific\u00f3 como \u201cuna aberraci\u00f3n y una falta de respeto para todos\u201d.<\/p>\n\n\n\n<p>Inicialmente la Contralor\u00eda fij\u00f3 en 483 los casos de funci\u00f3n que salieron del pa\u00eds mientras estaban con licencia m\u00e9dica -lo que ubic\u00f3 a la Municipalidad de Puerto Montt como la quinta instituci\u00f3n p\u00fablica a nivel nacional-, pero posteriormente se aclar\u00f3 que algunas personas registraban m\u00e1s de un viaje al extranjero.<\/p>\n\n\n\n<p>Entre quienes est\u00e1n en esta situaci\u00f3n se encuentra un funcionario que registra m\u00e1s de 20 salidas del pa\u00eds con licencias m\u00e9dicas que suman m\u00e1s de 400 d\u00edas. Otro de los casos es el de un funcionario de Puerto Montt con 5 salidas por tierra a Bolivia.<\/p>\n\n\n\n<p>De los 341 funcionarios individualizados, 32 corresponden al \u00e1rea municipal, 79 al Departamento de Salud Municipal (Desam) y 230 al Departamento de Administraci\u00f3n de Educaci\u00f3n Municipal (DAEM).<\/p>\n\n\n\n<p>Desde el Departamento Jur\u00eddico Municipal se inform\u00f3 que los fiscales van a instruir sumarios a cada uno de los funcionarios y, una vez notificados, ser\u00e1n citados a declarar. Luego de ello se aplicar\u00e1n las sanciones.<\/p>\n","protected":false},"excerpt":{"rendered":"<p>La Municipalidad de Puerto Montt design\u00f3 a tres fiscales para trabajar con dedicaci\u00f3n exclusiva en la investigaci\u00f3n de los 341 funcionarios que, seg\u00fan el informe emanado por la Contralor\u00eda General..<\/p>\n","protected":false},"author":7,"featured_media":10801,"comment_status":"closed","ping_status":"open","sticky":false,"template":"","format":"standard","meta":{"footnotes":""},"categories":[28,38,56],"tags":[],"class_list":["post-10800","post","type-post","status-publish","format-standard","has-post-thumbnail","hentry","category-actual","category-politica","category-puerto-montt"],"rttpg_featured_image_url":{"full":["https:\/\/elconquistadorredloslagos.cl\/test\/wp-content\/uploads\/2025\/05\/alcalde-de-puerto-montt.png",1920,1080,false],"landscape":["https:\/\/elconquistadorredloslagos.cl\/test\/wp-content\/uploads\/2025\/05\/alcalde-de-puerto-montt.png",1920,1080,false],"portraits":["https:\/\/elconquistadorredloslagos.cl\/test\/wp-content\/uploads\/2025\/05\/alcalde-de-puerto-montt.png",1920,1080,false],"thumbnail":["https:\/\/elconquistadorredloslagos.cl\/test\/wp-content\/uploads\/2025\/05\/alcalde-de-puerto-montt-150x150.png",150,150,true],"medium":["https:\/\/elconquistadorredloslagos.cl\/test\/wp-content\/uploads\/2025\/05\/alcalde-de-puerto-montt-300x169.png",300,169,true],"large":["https:\/\/elconquistadorredloslagos.cl\/test\/wp-content\/uploads\/2025\/05\/alcalde-de-puerto-montt-1024x576.png",1024,576,true],"1536x1536":["https:\/\/elconquistadorredloslagos.cl\/test\/wp-content\/uploads\/2025\/05\/alcalde-de-puerto-montt-1536x864.png",1536,864,true],"2048x2048":["https:\/\/elconquistadorredloslagos.cl\/test\/wp-content\/uploads\/2025\/05\/alcalde-de-puerto-montt.png",1920,1080,false]},"rttpg_author":{"display_name":"enzodelahoz1988","author_link":"https:\/\/elconquistadorredloslagos.cl\/test\/blog\/author\/enzodelahoz1988\/"},"rttpg_comment":0,"rttpg_category":"<a href=\"https:\/\/elconquistadorredloslagos.cl\/test\/blog\/category\/actual\/\" rel=\"category tag\">Actualidad<\/a> <a href=\"https:\/\/elconquistadorredloslagos.cl\/test\/blog\/category\/actual\/politica\/\" rel=\"category tag\">Politica<\/a> <a href=\"https:\/\/elconquistadorredloslagos.cl\/test\/blog\/category\/chile\/puerto-montt\/\" rel=\"category tag\">Puerto Montt<\/a>","rttpg_excerpt":"La Municipalidad de Puerto Montt design\u00f3 a tres fiscales para trabajar con dedicaci\u00f3n exclusiva en la investigaci\u00f3n de los 341 funcionarios que, seg\u00fan el informe emanado por la Contralor\u00eda General..","_links":{"self":[{"href":"https:\/\/elconquistadorredloslagos.cl\/test\/wp-json\/wp\/v2\/posts\/10800","targetHints":{"allow":["GET"]}}],"collection":[{"href":"https:\/\/elconquistadorredloslagos.cl\/test\/wp-json\/wp\/v2\/posts"}],"about":[{"href":"https:\/\/elconquistadorredloslagos.cl\/test\/wp-json\/wp\/v2\/types\/post"}],"author":[{"embeddable":true,"href":"https:\/\/elconquistadorredloslagos.cl\/test\/wp-json\/wp\/v2\/users\/7"}],"replies":[{"embeddable":true,"href":"https:\/\/elconquistadorredloslagos.cl\/test\/wp-json\/wp\/v2\/comments?post=10800"}],"version-history":[{"count":1,"href":"https:\/\/elconquistadorredloslagos.cl\/test\/wp-json\/wp\/v2\/posts\/10800\/revisions"}],"predecessor-version":[{"id":10802,"href":"https:\/\/elconquistadorredloslagos.cl\/test\/wp-json\/wp\/v2\/posts\/10800\/revisions\/10802"}],"wp:featuredmedia":[{"embeddable":true,"href":"https:\/\/elconquistadorredloslagos.cl\/test\/wp-json\/wp\/v2\/media\/10801"}],"wp:attachment":[{"href":"https:\/\/elconquistadorredloslagos.cl\/test\/wp-json\/wp\/v2\/media?parent=10800"}],"wp:term":[{"taxonomy":"category","embeddable":true,"href":"https:\/\/elconquistadorredloslagos.cl\/test\/wp-json\/wp\/v2\/categories?post=10800"},{"taxonomy":"post_tag","embeddable":true,"href":"https:\/\/elconquistadorredloslagos.cl\/test\/wp-json\/wp\/v2\/tags?post=10800"}],"curies":[{"name":"wp","href":"https:\/\/api.w.org\/{rel}","templated":true}]}}