{"id":10796,"date":"2025-05-28T10:15:00","date_gmt":"2025-05-28T14:15:00","guid":{"rendered":"https:\/\/elconquistadorredloslagos.cl\/test\/?p=10796"},"modified":"2025-05-28T10:15:02","modified_gmt":"2025-05-28T14:15:02","slug":"imagenes-revelan-violencia-de-tornado-al-interior-de-supermercado-en-puerto-varas","status":"publish","type":"post","link":"https:\/\/elconquistadorredloslagos.cl\/test\/blog\/2025\/05\/28\/imagenes-revelan-violencia-de-tornado-al-interior-de-supermercado-en-puerto-varas\/","title":{"rendered":"Im\u00e1genes revelan violencia de tornado al interior de supermercado en Puerto Varas"},"content":{"rendered":"\n<p>Una c\u00e1mara de seguridad del supermercado L\u00edder ubicado en calle Gramado en Puerto Varas, dej\u00f3 un impactante registro del momento exacto en que el tornado que azot\u00f3 a la comuna lacustre el pasado domingo, irrumpi\u00f3 al interior del recinto comercial.<\/p>\n\n\n\n<p>Las im\u00e1genes muestran estanter\u00edas desplom\u00e1ndose, productos volando por los aires y clientes corriendo en busca de refugio.<\/p>\n\n\n\n<p>Pese al caos, no se reportaron personas heridas, aunque el video deja en evidencia la potencia del fen\u00f3meno meteorol\u00f3gico y la ausencia de una alerta oportuna que permitiera a los presentes reaccionar con mayor anticipaci\u00f3n.<\/p>\n\n\n\n<p>El registro, ampliamente difundido en redes sociales ha generado conmoci\u00f3n, en medio de las tareas de recuperaci\u00f3n y reactivaci\u00f3n para los afectados por parte de las autoridades.<\/p>\n\n\n\n<p>Revisa las impactantes im\u00e1genes.<\/p>\n\n\n\n<figure class=\"wp-block-video\"><video height=\"1080\" style=\"aspect-ratio: 1920 \/ 1080;\" width=\"1920\" controls src=\"https:\/\/elconquistadorredloslagos.cl\/test\/wp-content\/uploads\/2025\/05\/YouCut_20250528_40165770.mp4\"><\/video><\/figure>\n\n\n\n<p>\ud83d\udcf7 \ud83c\udfa5 Redes sociales<\/p>\n","protected":false},"excerpt":{"rendered":"<p>Una c\u00e1mara de seguridad del supermercado L\u00edder ubicado en calle Gramado en Puerto Varas, dej\u00f3 un impactante registro del momento exacto en que el tornado que azot\u00f3 a la comuna..<\/p>\n","protected":false},"author":2,"featured_media":10798,"comment_status":"closed","ping_status":"open","sticky":false,"template":"","format":"standard","meta":{"footnotes":""},"categories":[1,28,54],"tags":[],"class_list":["post-10796","post","type-post","status-publish","format-standard","has-post-thumbnail","hentry","category-acontecer","category-actual","category-lago-llanquihue"],"rttpg_featured_image_url":{"full":["https:\/\/elconquistadorredloslagos.cl\/test\/wp-content\/uploads\/2025\/05\/Diseno-sin-titulo_20250527_105647_0000-1.jpg",1920,1080,false],"landscape":["https:\/\/elconquistadorredloslagos.cl\/test\/wp-content\/uploads\/2025\/05\/Diseno-sin-titulo_20250527_105647_0000-1.jpg",1920,1080,false],"portraits":["https:\/\/elconquistadorredloslagos.cl\/test\/wp-content\/uploads\/2025\/05\/Diseno-sin-titulo_20250527_105647_0000-1.jpg",1920,1080,false],"thumbnail":["https:\/\/elconquistadorredloslagos.cl\/test\/wp-content\/uploads\/2025\/05\/Diseno-sin-titulo_20250527_105647_0000-1-150x150.jpg",150,150,true],"medium":["https:\/\/elconquistadorredloslagos.cl\/test\/wp-content\/uploads\/2025\/05\/Diseno-sin-titulo_20250527_105647_0000-1-300x169.jpg",300,169,true],"large":["https:\/\/elconquistadorredloslagos.cl\/test\/wp-content\/uploads\/2025\/05\/Diseno-sin-titulo_20250527_105647_0000-1-1024x576.jpg",1024,576,true],"1536x1536":["https:\/\/elconquistadorredloslagos.cl\/test\/wp-content\/uploads\/2025\/05\/Diseno-sin-titulo_20250527_105647_0000-1-1536x864.jpg",1536,864,true],"2048x2048":["https:\/\/elconquistadorredloslagos.cl\/test\/wp-content\/uploads\/2025\/05\/Diseno-sin-titulo_20250527_105647_0000-1.jpg",1920,1080,false]},"rttpg_author":{"display_name":"ccardenas","author_link":"https:\/\/elconquistadorredloslagos.cl\/test\/blog\/author\/ccardenas\/"},"rttpg_comment":0,"rttpg_category":"<a href=\"https:\/\/elconquistadorredloslagos.cl\/test\/blog\/category\/actual\/acontecer\/\" rel=\"category tag\">Acontecer<\/a> <a href=\"https:\/\/elconquistadorredloslagos.cl\/test\/blog\/category\/actual\/\" rel=\"category tag\">Actualidad<\/a> <a href=\"https:\/\/elconquistadorredloslagos.cl\/test\/blog\/category\/chile\/lago-llanquihue\/\" rel=\"category tag\">Lago LLanquihue<\/a>","rttpg_excerpt":"Una c\u00e1mara de seguridad del supermercado L\u00edder ubicado en calle Gramado en Puerto Varas, dej\u00f3 un impactante registro del momento exacto en que el tornado que azot\u00f3 a la comuna..","_links":{"self":[{"href":"https:\/\/elconquistadorredloslagos.cl\/test\/wp-json\/wp\/v2\/posts\/10796","targetHints":{"allow":["GET"]}}],"collection":[{"href":"https:\/\/elconquistadorredloslagos.cl\/test\/wp-json\/wp\/v2\/posts"}],"about":[{"href":"https:\/\/elconquistadorredloslagos.cl\/test\/wp-json\/wp\/v2\/types\/post"}],"author":[{"embeddable":true,"href":"https:\/\/elconquistadorredloslagos.cl\/test\/wp-json\/wp\/v2\/users\/2"}],"replies":[{"embeddable":true,"href":"https:\/\/elconquistadorredloslagos.cl\/test\/wp-json\/wp\/v2\/comments?post=10796"}],"version-history":[{"count":1,"href":"https:\/\/elconquistadorredloslagos.cl\/test\/wp-json\/wp\/v2\/posts\/10796\/revisions"}],"predecessor-version":[{"id":10799,"href":"https:\/\/elconquistadorredloslagos.cl\/test\/wp-json\/wp\/v2\/posts\/10796\/revisions\/10799"}],"wp:featuredmedia":[{"embeddable":true,"href":"https:\/\/elconquistadorredloslagos.cl\/test\/wp-json\/wp\/v2\/media\/10798"}],"wp:attachment":[{"href":"https:\/\/elconquistadorredloslagos.cl\/test\/wp-json\/wp\/v2\/media?parent=10796"}],"wp:term":[{"taxonomy":"category","embeddable":true,"href":"https:\/\/elconquistadorredloslagos.cl\/test\/wp-json\/wp\/v2\/categories?post=10796"},{"taxonomy":"post_tag","embeddable":true,"href":"https:\/\/elconquistadorredloslagos.cl\/test\/wp-json\/wp\/v2\/tags?post=10796"}],"curies":[{"name":"wp","href":"https:\/\/api.w.org\/{rel}","templated":true}]}}