{"id":10789,"date":"2025-05-27T19:48:22","date_gmt":"2025-05-27T23:48:22","guid":{"rendered":"https:\/\/elconquistadorredloslagos.cl\/test\/?p=10789"},"modified":"2025-05-27T19:48:22","modified_gmt":"2025-05-27T23:48:22","slug":"consejo-de-salud-de-chiloe-refuerza-coordinacion-ante-desafios-sanitarios","status":"publish","type":"post","link":"https:\/\/elconquistadorredloslagos.cl\/test\/blog\/2025\/05\/27\/consejo-de-salud-de-chiloe-refuerza-coordinacion-ante-desafios-sanitarios\/","title":{"rendered":"Consejo de Salud de Chilo\u00e9 refuerza coordinaci\u00f3n ante desaf\u00edos sanitarios"},"content":{"rendered":"\n<p>En la ciudad de Castro se desarroll\u00f3 una nueva sesi\u00f3n del Consejo Integrado de la Red Asistencial de Chilo\u00e9, con la finalidad de fortalecer la coordinaci\u00f3n entre los distintos niveles del sistema de salud de la provincia y revisar temas clave para la gesti\u00f3n sanitaria.<\/p>\n\n\n\n<p>La jornada reuni\u00f3 a directivos de hospitales junto a centros de atenci\u00f3n primaria, equipos cl\u00ednicos, dirigentes gremiales, representantes de la comunidad y del Servicio de Salud Chilo\u00e9.<\/p>\n\n\n\n<p>Uno de los ejes fue el balance de la Campa\u00f1a de Vacunaci\u00f3n e Inmunizaci\u00f3n, presentado por Mat\u00edas Contreras, referente del programa provincial. Se destacaron las medidas implementadas en las comunas del Archipi\u00e9lago para enfrentar enfermedades respiratorias como la Influenza, el Covid-19 y el Virus Respiratorio Sincicial.<\/p>\n\n\n\n<p>Tambi\u00e9n se abord\u00f3 la estandarizaci\u00f3n del protocolo de Cadena de Custodia en procedimientos cl\u00ednicos, tema expuesto por Paola C\u00e1rcamo, del subdepartamento de Gesti\u00f3n Cl\u00ednica.<\/p>\n\n\n\n<p>Sennia Godoy, la jefa del subdepartamento Gesti\u00f3n de la Oferta y la Demanda, entreg\u00f3 un diagn\u00f3stico actualizado de las listas de espera, y el equipo liderado por el doctor Marcelo Cristi present\u00f3 los avances del Registro Cl\u00ednico Electr\u00f3nico del Hospital de Castro.<\/p>\n","protected":false},"excerpt":{"rendered":"<p>En la ciudad de Castro se desarroll\u00f3 una nueva sesi\u00f3n del Consejo Integrado de la Red Asistencial de Chilo\u00e9, con la finalidad de fortalecer la coordinaci\u00f3n entre los distintos niveles..<\/p>\n","protected":false},"author":2,"featured_media":10790,"comment_status":"closed","ping_status":"open","sticky":false,"template":"","format":"standard","meta":{"footnotes":""},"categories":[1,28,51],"tags":[],"class_list":["post-10789","post","type-post","status-publish","format-standard","has-post-thumbnail","hentry","category-acontecer","category-actual","category-chiloe"],"rttpg_featured_image_url":{"full":["https:\/\/elconquistadorredloslagos.cl\/test\/wp-content\/uploads\/2025\/05\/img-106.jpg",1920,1080,false],"landscape":["https:\/\/elconquistadorredloslagos.cl\/test\/wp-content\/uploads\/2025\/05\/img-106.jpg",1920,1080,false],"portraits":["https:\/\/elconquistadorredloslagos.cl\/test\/wp-content\/uploads\/2025\/05\/img-106.jpg",1920,1080,false],"thumbnail":["https:\/\/elconquistadorredloslagos.cl\/test\/wp-content\/uploads\/2025\/05\/img-106-150x150.jpg",150,150,true],"medium":["https:\/\/elconquistadorredloslagos.cl\/test\/wp-content\/uploads\/2025\/05\/img-106-300x169.jpg",300,169,true],"large":["https:\/\/elconquistadorredloslagos.cl\/test\/wp-content\/uploads\/2025\/05\/img-106-1024x576.jpg",1024,576,true],"1536x1536":["https:\/\/elconquistadorredloslagos.cl\/test\/wp-content\/uploads\/2025\/05\/img-106-1536x864.jpg",1536,864,true],"2048x2048":["https:\/\/elconquistadorredloslagos.cl\/test\/wp-content\/uploads\/2025\/05\/img-106.jpg",1920,1080,false]},"rttpg_author":{"display_name":"ccardenas","author_link":"https:\/\/elconquistadorredloslagos.cl\/test\/blog\/author\/ccardenas\/"},"rttpg_comment":0,"rttpg_category":"<a href=\"https:\/\/elconquistadorredloslagos.cl\/test\/blog\/category\/actual\/acontecer\/\" rel=\"category tag\">Acontecer<\/a> <a href=\"https:\/\/elconquistadorredloslagos.cl\/test\/blog\/category\/actual\/\" rel=\"category tag\">Actualidad<\/a> <a href=\"https:\/\/elconquistadorredloslagos.cl\/test\/blog\/category\/chile\/chiloe\/\" rel=\"category tag\">Chilo\u00e9<\/a>","rttpg_excerpt":"En la ciudad de Castro se desarroll\u00f3 una nueva sesi\u00f3n del Consejo Integrado de la Red Asistencial de Chilo\u00e9, con la finalidad de fortalecer la coordinaci\u00f3n entre los distintos niveles..","_links":{"self":[{"href":"https:\/\/elconquistadorredloslagos.cl\/test\/wp-json\/wp\/v2\/posts\/10789","targetHints":{"allow":["GET"]}}],"collection":[{"href":"https:\/\/elconquistadorredloslagos.cl\/test\/wp-json\/wp\/v2\/posts"}],"about":[{"href":"https:\/\/elconquistadorredloslagos.cl\/test\/wp-json\/wp\/v2\/types\/post"}],"author":[{"embeddable":true,"href":"https:\/\/elconquistadorredloslagos.cl\/test\/wp-json\/wp\/v2\/users\/2"}],"replies":[{"embeddable":true,"href":"https:\/\/elconquistadorredloslagos.cl\/test\/wp-json\/wp\/v2\/comments?post=10789"}],"version-history":[{"count":1,"href":"https:\/\/elconquistadorredloslagos.cl\/test\/wp-json\/wp\/v2\/posts\/10789\/revisions"}],"predecessor-version":[{"id":10791,"href":"https:\/\/elconquistadorredloslagos.cl\/test\/wp-json\/wp\/v2\/posts\/10789\/revisions\/10791"}],"wp:featuredmedia":[{"embeddable":true,"href":"https:\/\/elconquistadorredloslagos.cl\/test\/wp-json\/wp\/v2\/media\/10790"}],"wp:attachment":[{"href":"https:\/\/elconquistadorredloslagos.cl\/test\/wp-json\/wp\/v2\/media?parent=10789"}],"wp:term":[{"taxonomy":"category","embeddable":true,"href":"https:\/\/elconquistadorredloslagos.cl\/test\/wp-json\/wp\/v2\/categories?post=10789"},{"taxonomy":"post_tag","embeddable":true,"href":"https:\/\/elconquistadorredloslagos.cl\/test\/wp-json\/wp\/v2\/tags?post=10789"}],"curies":[{"name":"wp","href":"https:\/\/api.w.org\/{rel}","templated":true}]}}