{"id":10776,"date":"2025-05-27T16:02:14","date_gmt":"2025-05-27T20:02:14","guid":{"rendered":"https:\/\/elconquistadorredloslagos.cl\/test\/?p=10776"},"modified":"2025-05-27T16:02:15","modified_gmt":"2025-05-27T20:02:15","slug":"pasajeros-acusan-exceso-de-velocidad-tras-volcamiento-de-bus-en-la-ruta-5-sur","status":"publish","type":"post","link":"https:\/\/elconquistadorredloslagos.cl\/test\/blog\/2025\/05\/27\/pasajeros-acusan-exceso-de-velocidad-tras-volcamiento-de-bus-en-la-ruta-5-sur\/","title":{"rendered":"Pasajeros acusan exceso de velocidad tras volcamiento de bus en la Ruta 5 Sur"},"content":{"rendered":"\n<p>El volcamiento de un bus de la empresa J-Ahumada que viajaba desde Osorno con destino a Santiago, dej\u00f3 una serie de testimonios que apuntan a un posible exceso de velocidad como causa del accidente. El hecho ocurri\u00f3 durante la ma\u00f1ana de este lunes en el kil\u00f3metro 132 de la Ruta 5 Sur.<\/p>\n\n\n\n<p>Varios pasajeros relataron a medios locales que el veh\u00edculo se desplazaba a alta velocidad antes de perder el control. Uno de ellos, que sali\u00f3 ileso, asegur\u00f3 que su cintur\u00f3n de seguridad fue clave para evitar lesiones. Otro sobreviviente indic\u00f3 que instantes antes del volcamiento se sinti\u00f3 un movimiento oscilante en el bus, lo que aument\u00f3 la preocupaci\u00f3n entre los ocupantes.<\/p>\n\n\n\n<p>Si bien las investigaciones a\u00fan se encuentran en curso para esclarecer las causas exactas del siniestro, Carabineros confirm\u00f3 que el conductor no se encontraba bajo los efectos del alcohol al momento del accidente.<\/p>\n\n\n\n<p>Los equipos de emergencia llegaron r\u00e1pidamente al lugar, donde se atendi\u00f3 a los pasajeros afectados. La empresa de transporte a\u00fan no se ha referido p\u00fablicamente a lo ocurrido.<\/p>\n\n\n\n<p>\ud83d\udcf7 Redes sociales<\/p>\n","protected":false},"excerpt":{"rendered":"<p>El volcamiento de un bus de la empresa J-Ahumada que viajaba desde Osorno con destino a Santiago, dej\u00f3 una serie de testimonios que apuntan a un posible exceso de velocidad..<\/p>\n","protected":false},"author":2,"featured_media":10777,"comment_status":"closed","ping_status":"open","sticky":false,"template":"","format":"standard","meta":{"footnotes":""},"categories":[1,28,52],"tags":[],"class_list":["post-10776","post","type-post","status-publish","format-standard","has-post-thumbnail","hentry","category-acontecer","category-actual","category-chile"],"rttpg_featured_image_url":{"full":["https:\/\/elconquistadorredloslagos.cl\/test\/wp-content\/uploads\/2025\/05\/img-103.jpg",1920,1080,false],"landscape":["https:\/\/elconquistadorredloslagos.cl\/test\/wp-content\/uploads\/2025\/05\/img-103.jpg",1920,1080,false],"portraits":["https:\/\/elconquistadorredloslagos.cl\/test\/wp-content\/uploads\/2025\/05\/img-103.jpg",1920,1080,false],"thumbnail":["https:\/\/elconquistadorredloslagos.cl\/test\/wp-content\/uploads\/2025\/05\/img-103-150x150.jpg",150,150,true],"medium":["https:\/\/elconquistadorredloslagos.cl\/test\/wp-content\/uploads\/2025\/05\/img-103-300x169.jpg",300,169,true],"large":["https:\/\/elconquistadorredloslagos.cl\/test\/wp-content\/uploads\/2025\/05\/img-103-1024x576.jpg",1024,576,true],"1536x1536":["https:\/\/elconquistadorredloslagos.cl\/test\/wp-content\/uploads\/2025\/05\/img-103-1536x864.jpg",1536,864,true],"2048x2048":["https:\/\/elconquistadorredloslagos.cl\/test\/wp-content\/uploads\/2025\/05\/img-103.jpg",1920,1080,false]},"rttpg_author":{"display_name":"ccardenas","author_link":"https:\/\/elconquistadorredloslagos.cl\/test\/blog\/author\/ccardenas\/"},"rttpg_comment":0,"rttpg_category":"<a href=\"https:\/\/elconquistadorredloslagos.cl\/test\/blog\/category\/actual\/acontecer\/\" rel=\"category tag\">Acontecer<\/a> <a href=\"https:\/\/elconquistadorredloslagos.cl\/test\/blog\/category\/actual\/\" rel=\"category tag\">Actualidad<\/a> <a href=\"https:\/\/elconquistadorredloslagos.cl\/test\/blog\/category\/chile\/\" rel=\"category tag\">Nacional<\/a>","rttpg_excerpt":"El volcamiento de un bus de la empresa J-Ahumada que viajaba desde Osorno con destino a Santiago, dej\u00f3 una serie de testimonios que apuntan a un posible exceso de velocidad..","_links":{"self":[{"href":"https:\/\/elconquistadorredloslagos.cl\/test\/wp-json\/wp\/v2\/posts\/10776","targetHints":{"allow":["GET"]}}],"collection":[{"href":"https:\/\/elconquistadorredloslagos.cl\/test\/wp-json\/wp\/v2\/posts"}],"about":[{"href":"https:\/\/elconquistadorredloslagos.cl\/test\/wp-json\/wp\/v2\/types\/post"}],"author":[{"embeddable":true,"href":"https:\/\/elconquistadorredloslagos.cl\/test\/wp-json\/wp\/v2\/users\/2"}],"replies":[{"embeddable":true,"href":"https:\/\/elconquistadorredloslagos.cl\/test\/wp-json\/wp\/v2\/comments?post=10776"}],"version-history":[{"count":1,"href":"https:\/\/elconquistadorredloslagos.cl\/test\/wp-json\/wp\/v2\/posts\/10776\/revisions"}],"predecessor-version":[{"id":10778,"href":"https:\/\/elconquistadorredloslagos.cl\/test\/wp-json\/wp\/v2\/posts\/10776\/revisions\/10778"}],"wp:featuredmedia":[{"embeddable":true,"href":"https:\/\/elconquistadorredloslagos.cl\/test\/wp-json\/wp\/v2\/media\/10777"}],"wp:attachment":[{"href":"https:\/\/elconquistadorredloslagos.cl\/test\/wp-json\/wp\/v2\/media?parent=10776"}],"wp:term":[{"taxonomy":"category","embeddable":true,"href":"https:\/\/elconquistadorredloslagos.cl\/test\/wp-json\/wp\/v2\/categories?post=10776"},{"taxonomy":"post_tag","embeddable":true,"href":"https:\/\/elconquistadorredloslagos.cl\/test\/wp-json\/wp\/v2\/tags?post=10776"}],"curies":[{"name":"wp","href":"https:\/\/api.w.org\/{rel}","templated":true}]}}