{"id":10772,"date":"2025-05-27T15:48:29","date_gmt":"2025-05-27T19:48:29","guid":{"rendered":"https:\/\/elconquistadorredloslagos.cl\/test\/?p=10772"},"modified":"2025-05-27T15:48:30","modified_gmt":"2025-05-27T19:48:30","slug":"gervoy-paredes-exalcalde-de-puerto-montt-contrate-a-cuatro-ladrones-que-eran-supuestamente-profesionales-pero-que-se-transformaron-en-sinverguenzas","status":"publish","type":"post","link":"https:\/\/elconquistadorredloslagos.cl\/test\/blog\/2025\/05\/27\/gervoy-paredes-exalcalde-de-puerto-montt-contrate-a-cuatro-ladrones-que-eran-supuestamente-profesionales-pero-que-se-transformaron-en-sinverguenzas\/","title":{"rendered":"Gervoy Paredes, exalcalde de Puerto Montt: \u201ccontrat\u00e9 a cuatro ladrones que eran supuestamente profesionales, pero que se transformaron en sinverg\u00fcenzas\u201d"},"content":{"rendered":"\n<p>Luego de ratificarse la medida cautelar de arresto domiciliario total para el exalcalde de Puerto Montt, Gervoy Paredes, tras permanecer durante siete meses en prisi\u00f3n preventiva en el Complejo Penitenciario Alto Bonito de Puerto Montt, fue el propio exjefe comunal quien apunt\u00f3 a colaboradores como culpables de los hechos irregulares investigados, manifestando que no tiene responsabilidad alguna en los fraudes cometidos.<\/p>\n\n\n\n<p>Recordar que el otrora edil, se encuentra imputado por el ministerio P\u00fablico como autor de los delitos de incremento patrimonial injustificado de funcionario p\u00fablico, cohecho, lavado de activos y fraude al fisco, il\u00edcitos que habr\u00eda perpetrado entre 2012 y 2023. Ante la situaci\u00f3n que lo afecta, Paredes hizo sus descargos.<\/p>\n\n\n\n<figure class=\"wp-block-audio\"><audio controls src=\"https:\/\/elconquistadorredloslagos.cl\/test\/wp-content\/uploads\/2025\/05\/CUNA-GERVOY-PAREDES.mp3\"><\/audio><\/figure>\n\n\n\n<p>De acuerdo a la fiscal\u00eda, se habr\u00eda generado un perjuicio a la Municipalidad de Puerto Montt, de m\u00e1s de 500 millones de pesos. En la causa, adem\u00e1s, son investigados los imputados Jos\u00e9 Alb\u00e1n Mancilla, actualmente en prisi\u00f3n preventiva. Tambi\u00e9n, Carlos Soto Ojeda, Carlos Parrao Aqueveque, Roberto Oyarzo Navarro, Esteban Oyarzo Navarro, Alicia Hern\u00e1ndez Espinoza y Cristi\u00e1n Gonz\u00e1lez Andrade.<\/p>\n\n\n\n<p>\ud83d\udcf7 (Captura de video) <a href=\"https:\/\/www.facebook.com\/Clubdecima?__cft__[0]=AZX0Ur6dcIPitBu_uR8i1kOxWvhO2PhQLSWaXePHhjFwn9_Khcpc3Qox89x4IZXZojcP_7b13e86ti3dvQtwtSkbiXM7fNNRvl_TN9baTDivmMIaygE_uN6eOW7coC2iM1yKdV84gP_IT-OhXJMrIjSId0GDx3HQHx2u46krCTjbX3Phrcuo8iv-keCHFqT6ztmZcLgA5_vn2RM3JsLBUZX3&amp;__tn__=-UC\">Club de Emergencias D\u00e9cima Regi\u00f3n<\/a> &#8211; Facebook<\/p>\n","protected":false},"excerpt":{"rendered":"<p>Luego de ratificarse la medida cautelar de arresto domiciliario total para el exalcalde de Puerto Montt, Gervoy Paredes, tras permanecer durante siete meses en prisi\u00f3n preventiva en el Complejo Penitenciario..<\/p>\n","protected":false},"author":2,"featured_media":10774,"comment_status":"closed","ping_status":"open","sticky":false,"template":"","format":"standard","meta":{"footnotes":""},"categories":[1,28,56],"tags":[],"class_list":["post-10772","post","type-post","status-publish","format-standard","has-post-thumbnail","hentry","category-acontecer","category-actual","category-puerto-montt"],"rttpg_featured_image_url":{"full":["https:\/\/elconquistadorredloslagos.cl\/test\/wp-content\/uploads\/2025\/05\/img-102.jpg",1920,1080,false],"landscape":["https:\/\/elconquistadorredloslagos.cl\/test\/wp-content\/uploads\/2025\/05\/img-102.jpg",1920,1080,false],"portraits":["https:\/\/elconquistadorredloslagos.cl\/test\/wp-content\/uploads\/2025\/05\/img-102.jpg",1920,1080,false],"thumbnail":["https:\/\/elconquistadorredloslagos.cl\/test\/wp-content\/uploads\/2025\/05\/img-102-150x150.jpg",150,150,true],"medium":["https:\/\/elconquistadorredloslagos.cl\/test\/wp-content\/uploads\/2025\/05\/img-102-300x169.jpg",300,169,true],"large":["https:\/\/elconquistadorredloslagos.cl\/test\/wp-content\/uploads\/2025\/05\/img-102-1024x576.jpg",1024,576,true],"1536x1536":["https:\/\/elconquistadorredloslagos.cl\/test\/wp-content\/uploads\/2025\/05\/img-102-1536x864.jpg",1536,864,true],"2048x2048":["https:\/\/elconquistadorredloslagos.cl\/test\/wp-content\/uploads\/2025\/05\/img-102.jpg",1920,1080,false]},"rttpg_author":{"display_name":"ccardenas","author_link":"https:\/\/elconquistadorredloslagos.cl\/test\/blog\/author\/ccardenas\/"},"rttpg_comment":0,"rttpg_category":"<a href=\"https:\/\/elconquistadorredloslagos.cl\/test\/blog\/category\/actual\/acontecer\/\" rel=\"category tag\">Acontecer<\/a> <a href=\"https:\/\/elconquistadorredloslagos.cl\/test\/blog\/category\/actual\/\" rel=\"category tag\">Actualidad<\/a> <a href=\"https:\/\/elconquistadorredloslagos.cl\/test\/blog\/category\/chile\/puerto-montt\/\" rel=\"category tag\">Puerto Montt<\/a>","rttpg_excerpt":"Luego de ratificarse la medida cautelar de arresto domiciliario total para el exalcalde de Puerto Montt, Gervoy Paredes, tras permanecer durante siete meses en prisi\u00f3n preventiva en el Complejo Penitenciario..","_links":{"self":[{"href":"https:\/\/elconquistadorredloslagos.cl\/test\/wp-json\/wp\/v2\/posts\/10772","targetHints":{"allow":["GET"]}}],"collection":[{"href":"https:\/\/elconquistadorredloslagos.cl\/test\/wp-json\/wp\/v2\/posts"}],"about":[{"href":"https:\/\/elconquistadorredloslagos.cl\/test\/wp-json\/wp\/v2\/types\/post"}],"author":[{"embeddable":true,"href":"https:\/\/elconquistadorredloslagos.cl\/test\/wp-json\/wp\/v2\/users\/2"}],"replies":[{"embeddable":true,"href":"https:\/\/elconquistadorredloslagos.cl\/test\/wp-json\/wp\/v2\/comments?post=10772"}],"version-history":[{"count":1,"href":"https:\/\/elconquistadorredloslagos.cl\/test\/wp-json\/wp\/v2\/posts\/10772\/revisions"}],"predecessor-version":[{"id":10775,"href":"https:\/\/elconquistadorredloslagos.cl\/test\/wp-json\/wp\/v2\/posts\/10772\/revisions\/10775"}],"wp:featuredmedia":[{"embeddable":true,"href":"https:\/\/elconquistadorredloslagos.cl\/test\/wp-json\/wp\/v2\/media\/10774"}],"wp:attachment":[{"href":"https:\/\/elconquistadorredloslagos.cl\/test\/wp-json\/wp\/v2\/media?parent=10772"}],"wp:term":[{"taxonomy":"category","embeddable":true,"href":"https:\/\/elconquistadorredloslagos.cl\/test\/wp-json\/wp\/v2\/categories?post=10772"},{"taxonomy":"post_tag","embeddable":true,"href":"https:\/\/elconquistadorredloslagos.cl\/test\/wp-json\/wp\/v2\/tags?post=10772"}],"curies":[{"name":"wp","href":"https:\/\/api.w.org\/{rel}","templated":true}]}}