{"id":10768,"date":"2025-05-27T15:22:26","date_gmt":"2025-05-27T19:22:26","guid":{"rendered":"https:\/\/elconquistadorredloslagos.cl\/test\/?p=10768"},"modified":"2025-05-27T15:22:26","modified_gmt":"2025-05-27T19:22:26","slug":"milagro-en-el-mar-barcaza-se-hunde-frente-a-queilen-y-sus-nueve-tripulantes-sobreviven","status":"publish","type":"post","link":"https:\/\/elconquistadorredloslagos.cl\/test\/blog\/2025\/05\/27\/milagro-en-el-mar-barcaza-se-hunde-frente-a-queilen-y-sus-nueve-tripulantes-sobreviven\/","title":{"rendered":"\u201cMilagro en el mar\u201d Barcaza se hunde frente a Queilen y sus nueve tripulantes sobreviven"},"content":{"rendered":"\n<p>En la ma\u00f1ana de este martes 27 de mayo, la barcaza \u201cMaximiliano Andr\u00e9s\u201d se hundi\u00f3 frente al sector Punta Chom\u00edo, en las cercan\u00edas de Queilen, mientras navegaba rumbo al puerto de Castro. A bordo iban nueve personas que lograron salvarse tras abordar una embarcaci\u00f3n auxiliar, evitando una tragedia.<\/p>\n\n\n\n<p>La emergencia ocurri\u00f3 a eso de las 07.31 horas, seg\u00fan confirm\u00f3 la Gobernaci\u00f3n Mar\u00edtima de Castro. Las causas del hundimiento a\u00fan est\u00e1n siendo investigadas. El gobernador mar\u00edtimo, Ricardo C\u00e1rcamo, detall\u00f3 que la r\u00e1pida maniobra de evacuaci\u00f3n y el uso del bote auxiliar fueron clave para que los tripulantes escaparan ilesos.<\/p>\n\n\n\n<figure class=\"wp-block-audio\"><audio controls src=\"https:\/\/elconquistadorredloslagos.cl\/test\/wp-content\/uploads\/2025\/05\/CUNA-GOBERNACION-MARITIMA.mp3\"><\/audio><\/figure>\n\n\n\n<p>La Armada de Chile destac\u00f3 el rol fundamental de las unidades de rescate y de la embarcaci\u00f3n \u201cDon Francisco\u201d, que prest\u00f3 apoyo inmediato y permiti\u00f3 el rescate seguro de todos los ocupantes. Adem\u00e1s, valor\u00f3 la coordinaci\u00f3n y eficacia de la operaci\u00f3n de emergencia. Se inform\u00f3 que las autoridades continuar\u00e1n monitoreando el desarrollo de la situaci\u00f3n y avanzando en la investigaci\u00f3n para esclarecer los hechos.<\/p>\n\n\n\n<p>\ud83d\udcf7 Redes sociales<\/p>\n","protected":false},"excerpt":{"rendered":"<p>En la ma\u00f1ana de este martes 27 de mayo, la barcaza \u201cMaximiliano Andr\u00e9s\u201d se hundi\u00f3 frente al sector Punta Chom\u00edo, en las cercan\u00edas de Queilen, mientras navegaba rumbo al puerto..<\/p>\n","protected":false},"author":2,"featured_media":10770,"comment_status":"closed","ping_status":"open","sticky":false,"template":"","format":"standard","meta":{"footnotes":""},"categories":[1,28,51],"tags":[],"class_list":["post-10768","post","type-post","status-publish","format-standard","has-post-thumbnail","hentry","category-acontecer","category-actual","category-chiloe"],"rttpg_featured_image_url":{"full":["https:\/\/elconquistadorredloslagos.cl\/test\/wp-content\/uploads\/2025\/05\/img-101.jpg",1920,1080,false],"landscape":["https:\/\/elconquistadorredloslagos.cl\/test\/wp-content\/uploads\/2025\/05\/img-101.jpg",1920,1080,false],"portraits":["https:\/\/elconquistadorredloslagos.cl\/test\/wp-content\/uploads\/2025\/05\/img-101.jpg",1920,1080,false],"thumbnail":["https:\/\/elconquistadorredloslagos.cl\/test\/wp-content\/uploads\/2025\/05\/img-101-150x150.jpg",150,150,true],"medium":["https:\/\/elconquistadorredloslagos.cl\/test\/wp-content\/uploads\/2025\/05\/img-101-300x169.jpg",300,169,true],"large":["https:\/\/elconquistadorredloslagos.cl\/test\/wp-content\/uploads\/2025\/05\/img-101-1024x576.jpg",1024,576,true],"1536x1536":["https:\/\/elconquistadorredloslagos.cl\/test\/wp-content\/uploads\/2025\/05\/img-101-1536x864.jpg",1536,864,true],"2048x2048":["https:\/\/elconquistadorredloslagos.cl\/test\/wp-content\/uploads\/2025\/05\/img-101.jpg",1920,1080,false]},"rttpg_author":{"display_name":"ccardenas","author_link":"https:\/\/elconquistadorredloslagos.cl\/test\/blog\/author\/ccardenas\/"},"rttpg_comment":0,"rttpg_category":"<a href=\"https:\/\/elconquistadorredloslagos.cl\/test\/blog\/category\/actual\/acontecer\/\" rel=\"category tag\">Acontecer<\/a> <a href=\"https:\/\/elconquistadorredloslagos.cl\/test\/blog\/category\/actual\/\" rel=\"category tag\">Actualidad<\/a> <a href=\"https:\/\/elconquistadorredloslagos.cl\/test\/blog\/category\/chile\/chiloe\/\" rel=\"category tag\">Chilo\u00e9<\/a>","rttpg_excerpt":"En la ma\u00f1ana de este martes 27 de mayo, la barcaza \u201cMaximiliano Andr\u00e9s\u201d se hundi\u00f3 frente al sector Punta Chom\u00edo, en las cercan\u00edas de Queilen, mientras navegaba rumbo al puerto..","_links":{"self":[{"href":"https:\/\/elconquistadorredloslagos.cl\/test\/wp-json\/wp\/v2\/posts\/10768","targetHints":{"allow":["GET"]}}],"collection":[{"href":"https:\/\/elconquistadorredloslagos.cl\/test\/wp-json\/wp\/v2\/posts"}],"about":[{"href":"https:\/\/elconquistadorredloslagos.cl\/test\/wp-json\/wp\/v2\/types\/post"}],"author":[{"embeddable":true,"href":"https:\/\/elconquistadorredloslagos.cl\/test\/wp-json\/wp\/v2\/users\/2"}],"replies":[{"embeddable":true,"href":"https:\/\/elconquistadorredloslagos.cl\/test\/wp-json\/wp\/v2\/comments?post=10768"}],"version-history":[{"count":1,"href":"https:\/\/elconquistadorredloslagos.cl\/test\/wp-json\/wp\/v2\/posts\/10768\/revisions"}],"predecessor-version":[{"id":10771,"href":"https:\/\/elconquistadorredloslagos.cl\/test\/wp-json\/wp\/v2\/posts\/10768\/revisions\/10771"}],"wp:featuredmedia":[{"embeddable":true,"href":"https:\/\/elconquistadorredloslagos.cl\/test\/wp-json\/wp\/v2\/media\/10770"}],"wp:attachment":[{"href":"https:\/\/elconquistadorredloslagos.cl\/test\/wp-json\/wp\/v2\/media?parent=10768"}],"wp:term":[{"taxonomy":"category","embeddable":true,"href":"https:\/\/elconquistadorredloslagos.cl\/test\/wp-json\/wp\/v2\/categories?post=10768"},{"taxonomy":"post_tag","embeddable":true,"href":"https:\/\/elconquistadorredloslagos.cl\/test\/wp-json\/wp\/v2\/tags?post=10768"}],"curies":[{"name":"wp","href":"https:\/\/api.w.org\/{rel}","templated":true}]}}