{"id":10741,"date":"2025-05-27T11:02:45","date_gmt":"2025-05-27T15:02:45","guid":{"rendered":"https:\/\/elconquistadorredloslagos.cl\/test\/?p=10741"},"modified":"2025-05-27T11:02:46","modified_gmt":"2025-05-27T15:02:46","slug":"parecia-una-pelicula-de-terror-abuela-salva-a-su-nieto-del-tornado-en-puerto-varas","status":"publish","type":"post","link":"https:\/\/elconquistadorredloslagos.cl\/test\/blog\/2025\/05\/27\/parecia-una-pelicula-de-terror-abuela-salva-a-su-nieto-del-tornado-en-puerto-varas\/","title":{"rendered":"\u201cParec\u00eda una pel\u00edcula de terror\u201d: abuela salva a su nieto del tornado en Puerto Varas"},"content":{"rendered":"\n<p>El devastador tornado que azot\u00f3 Puerto Varas dej\u00f3 a su paso viviendas destruidas, techos volando y una comunidad conmocionada. Con vientos de hasta 170 kil\u00f3metros a la hora, el fen\u00f3meno fue catalogado como EF-1 en la Escala de Fujita Mejorada y dej\u00f3 numerosos damnificados.<\/p>\n\n\n\n<p>Ema, una vecina de la zona, relat\u00f3 a Canal 13 el dram\u00e1tico momento en que logr\u00f3 salvar a su nieto de seis a\u00f1os mientras almorzaban. \u201cEst\u00e1bamos terminando de comer cuando escuchamos un ruido fuerte. Pensamos que era un rel\u00e1mpago, pero de pronto los vidrios comenzaron a romperse\u201d, record\u00f3.<\/p>\n\n\n\n<p>Sin tiempo para pensar, se refugi\u00f3 con el ni\u00f1o bajo una antigua mesa de comedor. \u201cDaba vueltas, se mov\u00eda con el viento. Esta mesa es pesada, pero igual se desplazaba\u201d, cont\u00f3.<\/p>\n\n\n\n<p>El momento m\u00e1s cr\u00edtico ocurri\u00f3 cuando su esposo fue alcanzado por escombros: \u201cMi marido cay\u00f3, le cayeron tablas encima\u201d, narr\u00f3 a\u00fan afectada.<\/p>\n\n\n\n<p>\u201cMi nieto gritaba, lloraba, no entend\u00eda nada. Ca\u00edan los vidrios, volaba el techo&#8230; era como una pel\u00edcula de terror\u201d, agreg\u00f3.<\/p>\n\n\n\n<p>Su vivienda fue evaluada con un 95% de p\u00e9rdida, considerada destrucci\u00f3n total tras el paso del fen\u00f3meno clim\u00e1tico.<\/p>\n\n\n\n<p>\ud83d\udcf7 Captura de v\u00eddeo &#8211; Canal 13<\/p>\n","protected":false},"excerpt":{"rendered":"<p>El devastador tornado que azot\u00f3 Puerto Varas dej\u00f3 a su paso viviendas destruidas, techos volando y una comunidad conmocionada. Con vientos de hasta 170 kil\u00f3metros a la hora, el fen\u00f3meno..<\/p>\n","protected":false},"author":2,"featured_media":10746,"comment_status":"closed","ping_status":"open","sticky":false,"template":"","format":"standard","meta":{"footnotes":""},"categories":[1,28,54],"tags":[],"class_list":["post-10741","post","type-post","status-publish","format-standard","has-post-thumbnail","hentry","category-acontecer","category-actual","category-lago-llanquihue"],"rttpg_featured_image_url":{"full":["https:\/\/elconquistadorredloslagos.cl\/test\/wp-content\/uploads\/2025\/05\/Diseno-sin-titulo_20250527_105647_0000.jpg",1920,1080,false],"landscape":["https:\/\/elconquistadorredloslagos.cl\/test\/wp-content\/uploads\/2025\/05\/Diseno-sin-titulo_20250527_105647_0000.jpg",1920,1080,false],"portraits":["https:\/\/elconquistadorredloslagos.cl\/test\/wp-content\/uploads\/2025\/05\/Diseno-sin-titulo_20250527_105647_0000.jpg",1920,1080,false],"thumbnail":["https:\/\/elconquistadorredloslagos.cl\/test\/wp-content\/uploads\/2025\/05\/Diseno-sin-titulo_20250527_105647_0000-150x150.jpg",150,150,true],"medium":["https:\/\/elconquistadorredloslagos.cl\/test\/wp-content\/uploads\/2025\/05\/Diseno-sin-titulo_20250527_105647_0000-300x169.jpg",300,169,true],"large":["https:\/\/elconquistadorredloslagos.cl\/test\/wp-content\/uploads\/2025\/05\/Diseno-sin-titulo_20250527_105647_0000-1024x576.jpg",1024,576,true],"1536x1536":["https:\/\/elconquistadorredloslagos.cl\/test\/wp-content\/uploads\/2025\/05\/Diseno-sin-titulo_20250527_105647_0000-1536x864.jpg",1536,864,true],"2048x2048":["https:\/\/elconquistadorredloslagos.cl\/test\/wp-content\/uploads\/2025\/05\/Diseno-sin-titulo_20250527_105647_0000.jpg",1920,1080,false]},"rttpg_author":{"display_name":"ccardenas","author_link":"https:\/\/elconquistadorredloslagos.cl\/test\/blog\/author\/ccardenas\/"},"rttpg_comment":0,"rttpg_category":"<a href=\"https:\/\/elconquistadorredloslagos.cl\/test\/blog\/category\/actual\/acontecer\/\" rel=\"category tag\">Acontecer<\/a> <a href=\"https:\/\/elconquistadorredloslagos.cl\/test\/blog\/category\/actual\/\" rel=\"category tag\">Actualidad<\/a> <a href=\"https:\/\/elconquistadorredloslagos.cl\/test\/blog\/category\/chile\/lago-llanquihue\/\" rel=\"category tag\">Lago LLanquihue<\/a>","rttpg_excerpt":"El devastador tornado que azot\u00f3 Puerto Varas dej\u00f3 a su paso viviendas destruidas, techos volando y una comunidad conmocionada. Con vientos de hasta 170 kil\u00f3metros a la hora, el fen\u00f3meno..","_links":{"self":[{"href":"https:\/\/elconquistadorredloslagos.cl\/test\/wp-json\/wp\/v2\/posts\/10741","targetHints":{"allow":["GET"]}}],"collection":[{"href":"https:\/\/elconquistadorredloslagos.cl\/test\/wp-json\/wp\/v2\/posts"}],"about":[{"href":"https:\/\/elconquistadorredloslagos.cl\/test\/wp-json\/wp\/v2\/types\/post"}],"author":[{"embeddable":true,"href":"https:\/\/elconquistadorredloslagos.cl\/test\/wp-json\/wp\/v2\/users\/2"}],"replies":[{"embeddable":true,"href":"https:\/\/elconquistadorredloslagos.cl\/test\/wp-json\/wp\/v2\/comments?post=10741"}],"version-history":[{"count":1,"href":"https:\/\/elconquistadorredloslagos.cl\/test\/wp-json\/wp\/v2\/posts\/10741\/revisions"}],"predecessor-version":[{"id":10747,"href":"https:\/\/elconquistadorredloslagos.cl\/test\/wp-json\/wp\/v2\/posts\/10741\/revisions\/10747"}],"wp:featuredmedia":[{"embeddable":true,"href":"https:\/\/elconquistadorredloslagos.cl\/test\/wp-json\/wp\/v2\/media\/10746"}],"wp:attachment":[{"href":"https:\/\/elconquistadorredloslagos.cl\/test\/wp-json\/wp\/v2\/media?parent=10741"}],"wp:term":[{"taxonomy":"category","embeddable":true,"href":"https:\/\/elconquistadorredloslagos.cl\/test\/wp-json\/wp\/v2\/categories?post=10741"},{"taxonomy":"post_tag","embeddable":true,"href":"https:\/\/elconquistadorredloslagos.cl\/test\/wp-json\/wp\/v2\/tags?post=10741"}],"curies":[{"name":"wp","href":"https:\/\/api.w.org\/{rel}","templated":true}]}}