{"id":10732,"date":"2025-05-26T19:51:28","date_gmt":"2025-05-26T23:51:28","guid":{"rendered":"https:\/\/elconquistadorredloslagos.cl\/test\/?p=10732"},"modified":"2025-05-26T19:51:29","modified_gmt":"2025-05-26T23:51:29","slug":"seremi-de-educacion-confirma-suspension-de-clases-en-puerto-varas-por-emergencia","status":"publish","type":"post","link":"https:\/\/elconquistadorredloslagos.cl\/test\/blog\/2025\/05\/26\/seremi-de-educacion-confirma-suspension-de-clases-en-puerto-varas-por-emergencia\/","title":{"rendered":"Seremi de Educaci\u00f3n confirma suspensi\u00f3n de clases en Puerto Varas por emergencia"},"content":{"rendered":"\n<p>La Seremi de Educaci\u00f3n de Los Lagos inform\u00f3 que ma\u00f1ana martes 27 de mayo se mantendr\u00e1 la suspensi\u00f3n de clases en todos los establecimientos de educaci\u00f3n parvularia, b\u00e1sica y media de Puerto Varas, debido a la afectaci\u00f3n que dej\u00f3 el tornado del domingo.<\/p>\n\n\n\n<p>Esta medida se aplicar\u00e1 en los centros educativos del SLEP Llanquihue, en los establecimientos de la Junta Nacional de Jardines Infantiles (JUNJI) y Fundaci\u00f3n Integra, adem\u00e1s de salas cunas, jardines infantiles y colegios particulares y subvencionados de la comuna lacustre.<\/p>\n\n\n\n<p>As\u00ed lo indic\u00f3 el Seremi de Educaci\u00f3n, Juan G\u00f3mez.<\/p>\n\n\n\n<figure class=\"wp-block-audio\"><audio controls src=\"https:\/\/elconquistadorredloslagos.cl\/test\/wp-content\/uploads\/2025\/05\/SEREMI-EDUC-online-audio-converter.com_.mp3\"><\/audio><\/figure>\n\n\n\n<p>El Servicio Nacional de Prevenci\u00f3n y Respuesta ante Desastres (SENAPRED) y la delegaci\u00f3n presidencial regional dispusieron que se mantenga la Alerta Roja para la comuna hasta que las condiciones meteorol\u00f3gicas lo ameriten.<\/p>\n","protected":false},"excerpt":{"rendered":"<p>La Seremi de Educaci\u00f3n de Los Lagos inform\u00f3 que ma\u00f1ana martes 27 de mayo se mantendr\u00e1 la suspensi\u00f3n de clases en todos los establecimientos de educaci\u00f3n parvularia, b\u00e1sica y media..<\/p>\n","protected":false},"author":2,"featured_media":10734,"comment_status":"closed","ping_status":"open","sticky":false,"template":"","format":"standard","meta":{"footnotes":""},"categories":[1,28,54],"tags":[],"class_list":["post-10732","post","type-post","status-publish","format-standard","has-post-thumbnail","hentry","category-acontecer","category-actual","category-lago-llanquihue"],"rttpg_featured_image_url":{"full":["https:\/\/elconquistadorredloslagos.cl\/test\/wp-content\/uploads\/2025\/05\/Diseno-sin-titulo-14.jpg",1920,1080,false],"landscape":["https:\/\/elconquistadorredloslagos.cl\/test\/wp-content\/uploads\/2025\/05\/Diseno-sin-titulo-14.jpg",1920,1080,false],"portraits":["https:\/\/elconquistadorredloslagos.cl\/test\/wp-content\/uploads\/2025\/05\/Diseno-sin-titulo-14.jpg",1920,1080,false],"thumbnail":["https:\/\/elconquistadorredloslagos.cl\/test\/wp-content\/uploads\/2025\/05\/Diseno-sin-titulo-14-150x150.jpg",150,150,true],"medium":["https:\/\/elconquistadorredloslagos.cl\/test\/wp-content\/uploads\/2025\/05\/Diseno-sin-titulo-14-300x169.jpg",300,169,true],"large":["https:\/\/elconquistadorredloslagos.cl\/test\/wp-content\/uploads\/2025\/05\/Diseno-sin-titulo-14-1024x576.jpg",1024,576,true],"1536x1536":["https:\/\/elconquistadorredloslagos.cl\/test\/wp-content\/uploads\/2025\/05\/Diseno-sin-titulo-14-1536x864.jpg",1536,864,true],"2048x2048":["https:\/\/elconquistadorredloslagos.cl\/test\/wp-content\/uploads\/2025\/05\/Diseno-sin-titulo-14.jpg",1920,1080,false]},"rttpg_author":{"display_name":"ccardenas","author_link":"https:\/\/elconquistadorredloslagos.cl\/test\/blog\/author\/ccardenas\/"},"rttpg_comment":0,"rttpg_category":"<a href=\"https:\/\/elconquistadorredloslagos.cl\/test\/blog\/category\/actual\/acontecer\/\" rel=\"category tag\">Acontecer<\/a> <a href=\"https:\/\/elconquistadorredloslagos.cl\/test\/blog\/category\/actual\/\" rel=\"category tag\">Actualidad<\/a> <a href=\"https:\/\/elconquistadorredloslagos.cl\/test\/blog\/category\/chile\/lago-llanquihue\/\" rel=\"category tag\">Lago LLanquihue<\/a>","rttpg_excerpt":"La Seremi de Educaci\u00f3n de Los Lagos inform\u00f3 que ma\u00f1ana martes 27 de mayo se mantendr\u00e1 la suspensi\u00f3n de clases en todos los establecimientos de educaci\u00f3n parvularia, b\u00e1sica y media..","_links":{"self":[{"href":"https:\/\/elconquistadorredloslagos.cl\/test\/wp-json\/wp\/v2\/posts\/10732","targetHints":{"allow":["GET"]}}],"collection":[{"href":"https:\/\/elconquistadorredloslagos.cl\/test\/wp-json\/wp\/v2\/posts"}],"about":[{"href":"https:\/\/elconquistadorredloslagos.cl\/test\/wp-json\/wp\/v2\/types\/post"}],"author":[{"embeddable":true,"href":"https:\/\/elconquistadorredloslagos.cl\/test\/wp-json\/wp\/v2\/users\/2"}],"replies":[{"embeddable":true,"href":"https:\/\/elconquistadorredloslagos.cl\/test\/wp-json\/wp\/v2\/comments?post=10732"}],"version-history":[{"count":1,"href":"https:\/\/elconquistadorredloslagos.cl\/test\/wp-json\/wp\/v2\/posts\/10732\/revisions"}],"predecessor-version":[{"id":10735,"href":"https:\/\/elconquistadorredloslagos.cl\/test\/wp-json\/wp\/v2\/posts\/10732\/revisions\/10735"}],"wp:featuredmedia":[{"embeddable":true,"href":"https:\/\/elconquistadorredloslagos.cl\/test\/wp-json\/wp\/v2\/media\/10734"}],"wp:attachment":[{"href":"https:\/\/elconquistadorredloslagos.cl\/test\/wp-json\/wp\/v2\/media?parent=10732"}],"wp:term":[{"taxonomy":"category","embeddable":true,"href":"https:\/\/elconquistadorredloslagos.cl\/test\/wp-json\/wp\/v2\/categories?post=10732"},{"taxonomy":"post_tag","embeddable":true,"href":"https:\/\/elconquistadorredloslagos.cl\/test\/wp-json\/wp\/v2\/tags?post=10732"}],"curies":[{"name":"wp","href":"https:\/\/api.w.org\/{rel}","templated":true}]}}