{"id":10725,"date":"2025-05-26T19:40:13","date_gmt":"2025-05-26T23:40:13","guid":{"rendered":"https:\/\/elconquistadorredloslagos.cl\/test\/?p=10725"},"modified":"2025-05-26T19:40:13","modified_gmt":"2025-05-26T23:40:13","slug":"puerto-varas-se-organiza-para-apoyar-a-familias-afectadas-por-el-tornado-bono-de-recuperacion-comenzaria-el-sabado","status":"publish","type":"post","link":"https:\/\/elconquistadorredloslagos.cl\/test\/blog\/2025\/05\/26\/puerto-varas-se-organiza-para-apoyar-a-familias-afectadas-por-el-tornado-bono-de-recuperacion-comenzaria-el-sabado\/","title":{"rendered":"Puerto Varas se organiza para apoyar a familias afectadas por el tornado: bono de recuperaci\u00f3n comenzar\u00eda el s\u00e1bado"},"content":{"rendered":"\n<p>La tarde de este lunes en Puerto Varas, el Servicio Nacional de Prevenci\u00f3n y Respuesta ante Desastres (SENAPRED), \u00a0adem\u00e1s de autoridades locales y del nivel central, lideraron un nuevo Comit\u00e9 para la Gesti\u00f3n del Riesgo de Desastres (COGRID) para monitorear la situaci\u00f3n actual de las consecuencias dejadas por el violento tornado que arras\u00f3 en Puerto Varas.<\/p>\n\n\n\n<p>Durante la reuni\u00f3n, el alcalde puertovarino Tom\u00e1s G\u00e1rate, detall\u00f3 que se establecieron cursos de acci\u00f3n concretos, adem\u00e1s de actualizar coordinaciones en torno a la entrega del bono de recuperaci\u00f3n destinado a aquellas familias catastradas mediante la Ficha B\u00e1sica de Emergencia (FIBE), el cual podr\u00eda comenzar a ser pagado el pr\u00f3ximo d\u00eda s\u00e1bado.<\/p>\n\n\n\n<figure class=\"wp-block-audio\"><audio controls src=\"https:\/\/elconquistadorredloslagos.cl\/test\/wp-content\/uploads\/2025\/05\/ALCALDE-GARATE-1.mp3\"><\/audio><\/figure>\n\n\n\n<p>En tanto, el subsecretario del Interior V\u00edctor Ramos, inform\u00f3 que otro de los instrumentos que estar\u00e1 disponible para la ciudadan\u00eda es la denominada Ficha 2, una ficha de evaluaci\u00f3n t\u00e9cnica que registra el tipo de da\u00f1o que sufri\u00f3 una vivienda y qui\u00e9nes son sus habitantes. Los da\u00f1os son categorizados por leve, moderado, mayor y no reparable, nivel que marca el tipo de beneficio al cual se puede optar.<\/p>\n\n\n\n<figure class=\"wp-block-audio\"><audio controls src=\"https:\/\/elconquistadorredloslagos.cl\/test\/wp-content\/uploads\/2025\/05\/CUNA-SUBSE.mp3\"><\/audio><\/figure>\n\n\n\n<p>Por otra parte el gobernador de Los Lagos, Alejandro Santana, detall\u00f3 la entrega de un Fondo Regional de Iniciativa Local (FRIL) de emergencia en Puerto Varas, para ir en ayuda de los dos mercados afectados tras el tornado: P\u00edo Nono y el Mercado Municipal.<\/p>\n\n\n\n<figure class=\"wp-block-audio\"><audio controls src=\"https:\/\/elconquistadorredloslagos.cl\/test\/wp-content\/uploads\/2025\/05\/GOB-SANTANA.mp3\"><\/audio><\/figure>\n\n\n\n<p>En relaci\u00f3n al levantamiento de informaci\u00f3n, la delegada de Los Lagos Paulina Mu\u00f1oz, puso \u00e9nfasis en la relevancia que tiene este paso para ir en socorro de las personas que se vieron perjudicadas.<\/p>\n\n\n\n<figure class=\"wp-block-audio\"><audio controls src=\"https:\/\/elconquistadorredloslagos.cl\/test\/wp-content\/uploads\/2025\/05\/PAULINA.mp3\"><\/audio><\/figure>\n\n\n\n<p>El Servicio Nacional de Respuesta y Prevenci\u00f3n ante Desastres, a trav\u00e9s de su p\u00e1gina institucional, entrega una serie de recomendaciones para desarrollar planes de respuesta y prevenir situaciones de riesgo.<\/p>\n\n\n\n<p>\ud83d\udcf7 Delegaci\u00f3n Presidencial de Los Lagos<\/p>\n","protected":false},"excerpt":{"rendered":"<p>La tarde de este lunes en Puerto Varas, el Servicio Nacional de Prevenci\u00f3n y Respuesta ante Desastres (SENAPRED), \u00a0adem\u00e1s de autoridades locales y del nivel central, lideraron un nuevo Comit\u00e9..<\/p>\n","protected":false},"author":2,"featured_media":10730,"comment_status":"closed","ping_status":"open","sticky":false,"template":"","format":"standard","meta":{"footnotes":""},"categories":[1,28,54],"tags":[],"class_list":["post-10725","post","type-post","status-publish","format-standard","has-post-thumbnail","hentry","category-acontecer","category-actual","category-lago-llanquihue"],"rttpg_featured_image_url":{"full":["https:\/\/elconquistadorredloslagos.cl\/test\/wp-content\/uploads\/2025\/05\/img-100.jpg",1920,1080,false],"landscape":["https:\/\/elconquistadorredloslagos.cl\/test\/wp-content\/uploads\/2025\/05\/img-100.jpg",1920,1080,false],"portraits":["https:\/\/elconquistadorredloslagos.cl\/test\/wp-content\/uploads\/2025\/05\/img-100.jpg",1920,1080,false],"thumbnail":["https:\/\/elconquistadorredloslagos.cl\/test\/wp-content\/uploads\/2025\/05\/img-100-150x150.jpg",150,150,true],"medium":["https:\/\/elconquistadorredloslagos.cl\/test\/wp-content\/uploads\/2025\/05\/img-100-300x169.jpg",300,169,true],"large":["https:\/\/elconquistadorredloslagos.cl\/test\/wp-content\/uploads\/2025\/05\/img-100-1024x576.jpg",1024,576,true],"1536x1536":["https:\/\/elconquistadorredloslagos.cl\/test\/wp-content\/uploads\/2025\/05\/img-100-1536x864.jpg",1536,864,true],"2048x2048":["https:\/\/elconquistadorredloslagos.cl\/test\/wp-content\/uploads\/2025\/05\/img-100.jpg",1920,1080,false]},"rttpg_author":{"display_name":"ccardenas","author_link":"https:\/\/elconquistadorredloslagos.cl\/test\/blog\/author\/ccardenas\/"},"rttpg_comment":0,"rttpg_category":"<a href=\"https:\/\/elconquistadorredloslagos.cl\/test\/blog\/category\/actual\/acontecer\/\" rel=\"category tag\">Acontecer<\/a> <a href=\"https:\/\/elconquistadorredloslagos.cl\/test\/blog\/category\/actual\/\" rel=\"category tag\">Actualidad<\/a> <a href=\"https:\/\/elconquistadorredloslagos.cl\/test\/blog\/category\/chile\/lago-llanquihue\/\" rel=\"category tag\">Lago LLanquihue<\/a>","rttpg_excerpt":"La tarde de este lunes en Puerto Varas, el Servicio Nacional de Prevenci\u00f3n y Respuesta ante Desastres (SENAPRED), \u00a0adem\u00e1s de autoridades locales y del nivel central, lideraron un nuevo Comit\u00e9..","_links":{"self":[{"href":"https:\/\/elconquistadorredloslagos.cl\/test\/wp-json\/wp\/v2\/posts\/10725","targetHints":{"allow":["GET"]}}],"collection":[{"href":"https:\/\/elconquistadorredloslagos.cl\/test\/wp-json\/wp\/v2\/posts"}],"about":[{"href":"https:\/\/elconquistadorredloslagos.cl\/test\/wp-json\/wp\/v2\/types\/post"}],"author":[{"embeddable":true,"href":"https:\/\/elconquistadorredloslagos.cl\/test\/wp-json\/wp\/v2\/users\/2"}],"replies":[{"embeddable":true,"href":"https:\/\/elconquistadorredloslagos.cl\/test\/wp-json\/wp\/v2\/comments?post=10725"}],"version-history":[{"count":1,"href":"https:\/\/elconquistadorredloslagos.cl\/test\/wp-json\/wp\/v2\/posts\/10725\/revisions"}],"predecessor-version":[{"id":10731,"href":"https:\/\/elconquistadorredloslagos.cl\/test\/wp-json\/wp\/v2\/posts\/10725\/revisions\/10731"}],"wp:featuredmedia":[{"embeddable":true,"href":"https:\/\/elconquistadorredloslagos.cl\/test\/wp-json\/wp\/v2\/media\/10730"}],"wp:attachment":[{"href":"https:\/\/elconquistadorredloslagos.cl\/test\/wp-json\/wp\/v2\/media?parent=10725"}],"wp:term":[{"taxonomy":"category","embeddable":true,"href":"https:\/\/elconquistadorredloslagos.cl\/test\/wp-json\/wp\/v2\/categories?post=10725"},{"taxonomy":"post_tag","embeddable":true,"href":"https:\/\/elconquistadorredloslagos.cl\/test\/wp-json\/wp\/v2\/tags?post=10725"}],"curies":[{"name":"wp","href":"https:\/\/api.w.org\/{rel}","templated":true}]}}