{"id":10722,"date":"2025-05-26T18:50:18","date_gmt":"2025-05-26T22:50:18","guid":{"rendered":"https:\/\/elconquistadorredloslagos.cl\/test\/?p=10722"},"modified":"2025-05-26T18:50:19","modified_gmt":"2025-05-26T22:50:19","slug":"ante-contingencia-carabineros-despliega-masivo-operativo-de-emergencia-en-puerto-varas","status":"publish","type":"post","link":"https:\/\/elconquistadorredloslagos.cl\/test\/blog\/2025\/05\/26\/ante-contingencia-carabineros-despliega-masivo-operativo-de-emergencia-en-puerto-varas\/","title":{"rendered":"Ante contingencia Carabineros despliega masivo operativo de emergencia en Puerto Varas"},"content":{"rendered":"\n<p>Tras el paso inesperado de un tornado que azot\u00f3 Puerto Varas la tarde del domingo, Carabineros de Chile activ\u00f3 un amplio operativo en los sectores m\u00e1s afectados. Aproximadamente un centenar de funcionarios fueron desplegados en labores de apoyo a la comunidad, remoci\u00f3n de escombros y reforzamiento de la seguridad.<\/p>\n\n\n\n<p>Se trata espec\u00edficamente de efectivos de la Prefectura Llanquihue y del Grupo de Formaci\u00f3n Puerto Montt, quienes participan activamente en estos servicios especiales, bajo la supervisi\u00f3n directa del general Jorge Valdivia, jefe de la Zona Los Lagos.<\/p>\n\n\n\n<p>Estaremos presentes mientras sea necesario para brindar tranquilidad a las familias damnificadas\u201d, se\u00f1al\u00f3 desde terreno.<\/p>\n\n\n\n<p>Muchas viviendas resultaron con da\u00f1os estructurales severos, lo que oblig\u00f3 a varias familias a abandonar sus hogares. Ante esto, la instituci\u00f3n enfatiz\u00f3 que su prioridad es garantizar el resguardo de los vecinos afectados.<\/p>\n\n\n\n<p>\ud83d\udcf7 @Carabdechile &#8211; X<\/p>\n","protected":false},"excerpt":{"rendered":"<p>Tras el paso inesperado de un tornado que azot\u00f3 Puerto Varas la tarde del domingo, Carabineros de Chile activ\u00f3 un amplio operativo en los sectores m\u00e1s afectados. Aproximadamente un centenar..<\/p>\n","protected":false},"author":2,"featured_media":10723,"comment_status":"closed","ping_status":"open","sticky":false,"template":"","format":"standard","meta":{"footnotes":""},"categories":[1,28,54],"tags":[],"class_list":["post-10722","post","type-post","status-publish","format-standard","has-post-thumbnail","hentry","category-acontecer","category-actual","category-lago-llanquihue"],"rttpg_featured_image_url":{"full":["https:\/\/elconquistadorredloslagos.cl\/test\/wp-content\/uploads\/2025\/05\/img-99.jpg",1920,1080,false],"landscape":["https:\/\/elconquistadorredloslagos.cl\/test\/wp-content\/uploads\/2025\/05\/img-99.jpg",1920,1080,false],"portraits":["https:\/\/elconquistadorredloslagos.cl\/test\/wp-content\/uploads\/2025\/05\/img-99.jpg",1920,1080,false],"thumbnail":["https:\/\/elconquistadorredloslagos.cl\/test\/wp-content\/uploads\/2025\/05\/img-99-150x150.jpg",150,150,true],"medium":["https:\/\/elconquistadorredloslagos.cl\/test\/wp-content\/uploads\/2025\/05\/img-99-300x169.jpg",300,169,true],"large":["https:\/\/elconquistadorredloslagos.cl\/test\/wp-content\/uploads\/2025\/05\/img-99-1024x576.jpg",1024,576,true],"1536x1536":["https:\/\/elconquistadorredloslagos.cl\/test\/wp-content\/uploads\/2025\/05\/img-99-1536x864.jpg",1536,864,true],"2048x2048":["https:\/\/elconquistadorredloslagos.cl\/test\/wp-content\/uploads\/2025\/05\/img-99.jpg",1920,1080,false]},"rttpg_author":{"display_name":"ccardenas","author_link":"https:\/\/elconquistadorredloslagos.cl\/test\/blog\/author\/ccardenas\/"},"rttpg_comment":0,"rttpg_category":"<a href=\"https:\/\/elconquistadorredloslagos.cl\/test\/blog\/category\/actual\/acontecer\/\" rel=\"category tag\">Acontecer<\/a> <a href=\"https:\/\/elconquistadorredloslagos.cl\/test\/blog\/category\/actual\/\" rel=\"category tag\">Actualidad<\/a> <a href=\"https:\/\/elconquistadorredloslagos.cl\/test\/blog\/category\/chile\/lago-llanquihue\/\" rel=\"category tag\">Lago LLanquihue<\/a>","rttpg_excerpt":"Tras el paso inesperado de un tornado que azot\u00f3 Puerto Varas la tarde del domingo, Carabineros de Chile activ\u00f3 un amplio operativo en los sectores m\u00e1s afectados. Aproximadamente un centenar..","_links":{"self":[{"href":"https:\/\/elconquistadorredloslagos.cl\/test\/wp-json\/wp\/v2\/posts\/10722","targetHints":{"allow":["GET"]}}],"collection":[{"href":"https:\/\/elconquistadorredloslagos.cl\/test\/wp-json\/wp\/v2\/posts"}],"about":[{"href":"https:\/\/elconquistadorredloslagos.cl\/test\/wp-json\/wp\/v2\/types\/post"}],"author":[{"embeddable":true,"href":"https:\/\/elconquistadorredloslagos.cl\/test\/wp-json\/wp\/v2\/users\/2"}],"replies":[{"embeddable":true,"href":"https:\/\/elconquistadorredloslagos.cl\/test\/wp-json\/wp\/v2\/comments?post=10722"}],"version-history":[{"count":1,"href":"https:\/\/elconquistadorredloslagos.cl\/test\/wp-json\/wp\/v2\/posts\/10722\/revisions"}],"predecessor-version":[{"id":10724,"href":"https:\/\/elconquistadorredloslagos.cl\/test\/wp-json\/wp\/v2\/posts\/10722\/revisions\/10724"}],"wp:featuredmedia":[{"embeddable":true,"href":"https:\/\/elconquistadorredloslagos.cl\/test\/wp-json\/wp\/v2\/media\/10723"}],"wp:attachment":[{"href":"https:\/\/elconquistadorredloslagos.cl\/test\/wp-json\/wp\/v2\/media?parent=10722"}],"wp:term":[{"taxonomy":"category","embeddable":true,"href":"https:\/\/elconquistadorredloslagos.cl\/test\/wp-json\/wp\/v2\/categories?post=10722"},{"taxonomy":"post_tag","embeddable":true,"href":"https:\/\/elconquistadorredloslagos.cl\/test\/wp-json\/wp\/v2\/tags?post=10722"}],"curies":[{"name":"wp","href":"https:\/\/api.w.org\/{rel}","templated":true}]}}