{"id":10719,"date":"2025-05-26T18:34:46","date_gmt":"2025-05-26T22:34:46","guid":{"rendered":"https:\/\/elconquistadorredloslagos.cl\/test\/?p=10719"},"modified":"2025-05-27T00:19:05","modified_gmt":"2025-05-27T04:19:05","slug":"aerolineas-flexibilizan-vuelos-en-medio-del-tornado-que-golpeo-puerto-varas","status":"publish","type":"post","link":"https:\/\/elconquistadorredloslagos.cl\/test\/blog\/2025\/05\/26\/aerolineas-flexibilizan-vuelos-en-medio-del-tornado-que-golpeo-puerto-varas\/","title":{"rendered":"Aerol\u00edneas flexibilizan vuelos en medio del tornado que golpe\u00f3 Puerto Varas"},"content":{"rendered":"\n<p>Luego del devastador tornado categor\u00eda EF1 (equivalente a un hurac\u00e1n de categor\u00eda 1 de grado superior cuyas r\u00e1fagas de viento oscilan entre los 138 y los 178 kil\u00f3metros a la hora) que azot\u00f3 Puerto Varas y dej\u00f3 cuantiosos da\u00f1os, las aerol\u00edneas nacionales han anunciado medidas extraordinarias para apoyar a los pasajeros afectados por la emergencia clim\u00e1tica.<\/p>\n\n\n\n<p>En el caso de Sky Airlines, se activ\u00f3 un plan especial que permite a quienes hayan perdido su vuelo o no puedan viajar, reprogramarlo sin costo ni penalidades. Los cambios aplican para vuelos desde y hacia Puerto Montt los d\u00edas 25 y 26 de mayo, con posibilidad de reagendar hasta 12 meses desde la fecha original del vuelo.<\/p>\n\n\n\n<p>Adem\u00e1s, quienes vuelen desde o hacia Puerto Montt entre el domingo 25 y lunes 26 podr\u00e1n optar al cambio de fecha sin diferencia tarifaria, v\u00e1lido para volar hasta el 30 de junio de 2025.<\/p>\n\n\n\n<p>La aerol\u00ednea recomend\u00f3 hacer las gestiones a trav\u00e9s de su call center, el chat en l\u00ednea o su sitio web oficial (www.skyairline.com).<\/p>\n\n\n\n<p>JetSmart, por su parte, inform\u00f3 que los cambios deben solicitarse v\u00eda correo electr\u00f3nico a solicitud9@jetsmart.com, incluyendo el c\u00f3digo de reserva y datos de contacto del pasajero.<\/p>\n\n\n\n<p>En contraste, hasta ahora Latam Airlines no ha comunicado medidas de flexibilidad para sus vuelos afectados en la zona sur del pa\u00eds.<\/p>\n","protected":false},"excerpt":{"rendered":"<p>Luego del devastador tornado categor\u00eda EF1 (equivalente a un hurac\u00e1n de categor\u00eda 1 de grado superior cuyas r\u00e1fagas de viento oscilan entre los 138 y los 178 kil\u00f3metros a la..<\/p>\n","protected":false},"author":2,"featured_media":10720,"comment_status":"closed","ping_status":"open","sticky":false,"template":"","format":"standard","meta":{"footnotes":""},"categories":[1,28,54],"tags":[],"class_list":["post-10719","post","type-post","status-publish","format-standard","has-post-thumbnail","hentry","category-acontecer","category-actual","category-lago-llanquihue"],"rttpg_featured_image_url":{"full":["https:\/\/elconquistadorredloslagos.cl\/test\/wp-content\/uploads\/2025\/05\/img-98.jpg",1920,1080,false],"landscape":["https:\/\/elconquistadorredloslagos.cl\/test\/wp-content\/uploads\/2025\/05\/img-98.jpg",1920,1080,false],"portraits":["https:\/\/elconquistadorredloslagos.cl\/test\/wp-content\/uploads\/2025\/05\/img-98.jpg",1920,1080,false],"thumbnail":["https:\/\/elconquistadorredloslagos.cl\/test\/wp-content\/uploads\/2025\/05\/img-98-150x150.jpg",150,150,true],"medium":["https:\/\/elconquistadorredloslagos.cl\/test\/wp-content\/uploads\/2025\/05\/img-98-300x169.jpg",300,169,true],"large":["https:\/\/elconquistadorredloslagos.cl\/test\/wp-content\/uploads\/2025\/05\/img-98-1024x576.jpg",1024,576,true],"1536x1536":["https:\/\/elconquistadorredloslagos.cl\/test\/wp-content\/uploads\/2025\/05\/img-98-1536x864.jpg",1536,864,true],"2048x2048":["https:\/\/elconquistadorredloslagos.cl\/test\/wp-content\/uploads\/2025\/05\/img-98.jpg",1920,1080,false]},"rttpg_author":{"display_name":"ccardenas","author_link":"https:\/\/elconquistadorredloslagos.cl\/test\/blog\/author\/ccardenas\/"},"rttpg_comment":0,"rttpg_category":"<a href=\"https:\/\/elconquistadorredloslagos.cl\/test\/blog\/category\/actual\/acontecer\/\" rel=\"category tag\">Acontecer<\/a> <a href=\"https:\/\/elconquistadorredloslagos.cl\/test\/blog\/category\/actual\/\" rel=\"category tag\">Actualidad<\/a> <a href=\"https:\/\/elconquistadorredloslagos.cl\/test\/blog\/category\/chile\/lago-llanquihue\/\" rel=\"category tag\">Lago LLanquihue<\/a>","rttpg_excerpt":"Luego del devastador tornado categor\u00eda EF1 (equivalente a un hurac\u00e1n de categor\u00eda 1 de grado superior cuyas r\u00e1fagas de viento oscilan entre los 138 y los 178 kil\u00f3metros a la..","_links":{"self":[{"href":"https:\/\/elconquistadorredloslagos.cl\/test\/wp-json\/wp\/v2\/posts\/10719","targetHints":{"allow":["GET"]}}],"collection":[{"href":"https:\/\/elconquistadorredloslagos.cl\/test\/wp-json\/wp\/v2\/posts"}],"about":[{"href":"https:\/\/elconquistadorredloslagos.cl\/test\/wp-json\/wp\/v2\/types\/post"}],"author":[{"embeddable":true,"href":"https:\/\/elconquistadorredloslagos.cl\/test\/wp-json\/wp\/v2\/users\/2"}],"replies":[{"embeddable":true,"href":"https:\/\/elconquistadorredloslagos.cl\/test\/wp-json\/wp\/v2\/comments?post=10719"}],"version-history":[{"count":2,"href":"https:\/\/elconquistadorredloslagos.cl\/test\/wp-json\/wp\/v2\/posts\/10719\/revisions"}],"predecessor-version":[{"id":10740,"href":"https:\/\/elconquistadorredloslagos.cl\/test\/wp-json\/wp\/v2\/posts\/10719\/revisions\/10740"}],"wp:featuredmedia":[{"embeddable":true,"href":"https:\/\/elconquistadorredloslagos.cl\/test\/wp-json\/wp\/v2\/media\/10720"}],"wp:attachment":[{"href":"https:\/\/elconquistadorredloslagos.cl\/test\/wp-json\/wp\/v2\/media?parent=10719"}],"wp:term":[{"taxonomy":"category","embeddable":true,"href":"https:\/\/elconquistadorredloslagos.cl\/test\/wp-json\/wp\/v2\/categories?post=10719"},{"taxonomy":"post_tag","embeddable":true,"href":"https:\/\/elconquistadorredloslagos.cl\/test\/wp-json\/wp\/v2\/tags?post=10719"}],"curies":[{"name":"wp","href":"https:\/\/api.w.org\/{rel}","templated":true}]}}