{"id":10712,"date":"2025-05-26T17:34:57","date_gmt":"2025-05-26T21:34:57","guid":{"rendered":"https:\/\/elconquistadorredloslagos.cl\/test\/?p=10712"},"modified":"2025-05-26T17:34:58","modified_gmt":"2025-05-26T21:34:58","slug":"boric-anuncia-bono-de-recuperacion-para-afectados-por-tornado-en-puerto-varas","status":"publish","type":"post","link":"https:\/\/elconquistadorredloslagos.cl\/test\/blog\/2025\/05\/26\/boric-anuncia-bono-de-recuperacion-para-afectados-por-tornado-en-puerto-varas\/","title":{"rendered":"Boric anuncia bono de recuperaci\u00f3n para afectados por tornado en Puerto Varas"},"content":{"rendered":"\n<p>Tal como se hab\u00eda anticipado, el Presidente Gabriel Boric visit\u00f3 este lunes Puerto Varas para constatar en terreno los da\u00f1os provocados por el sorpresivo tornado que afect\u00f3 a la zona ayer domingo. Producto del fen\u00f3meno clim\u00e1tico, 19 personas resultaron heridas, m\u00e1s de 250 viviendas est\u00e1n en evaluaci\u00f3n por da\u00f1os y m\u00e1s de 4 mil 500 clientes siguen sin suministro el\u00e9ctrico.<\/p>\n\n\n\n<p>Durante su recorrido por los sectores m\u00e1s impactados, el Mandatario convers\u00f3 con vecinos y autoridades, subrayando la importancia de \u201cescuchar de primera fuente qu\u00e9 es lo que pas\u00f3 y qu\u00e9 es lo que se necesita\u201d.<\/p>\n\n\n\n<figure class=\"wp-block-audio\"><audio controls src=\"https:\/\/elconquistadorredloslagos.cl\/test\/wp-content\/uploads\/2025\/05\/BORIC1.mp3\"><\/audio><\/figure>\n\n\n\n<p>El Presidente tambi\u00e9n inform\u00f3 que equipos est\u00e1n desplegados para completar la aplicaci\u00f3n de la Ficha B\u00e1sica de Emergencia (FIBE), proceso que deber\u00eda finalizar el mi\u00e9rcoles. Adem\u00e1s, instruy\u00f3 al seremi de Vivienda a aplicar la \u201cFicha 2\u201d, que permite acceder a fondos para herramientas de autoconstrucci\u00f3n mediante el bolsillo electr\u00f3nico.<\/p>\n\n\n\n<figure class=\"wp-block-audio\"><audio controls src=\"https:\/\/elconquistadorredloslagos.cl\/test\/wp-content\/uploads\/2025\/05\/BORIC-2.mp3\"><\/audio><\/figure>\n\n\n\n<p>En ese contexto, Boric anunci\u00f3 que a partir de este viernes comenzar\u00e1 el pago del bono de recuperaci\u00f3n para las familias damnificadas. El beneficio, destinado a la compra de enseres b\u00e1sicos, alcanzar\u00e1 hasta un mill\u00f3n y medio de pesos, distribuidos en cuatro tramos seg\u00fan el nivel de afectaci\u00f3n de cada vivienda.<\/p>\n\n\n\n<figure class=\"wp-block-audio\"><audio controls src=\"https:\/\/elconquistadorredloslagos.cl\/test\/wp-content\/uploads\/2025\/05\/BORIC-3.mp3\"><\/audio><\/figure>\n\n\n\n<p>Junto con ello, el primer mandatario fue enf\u00e1tico al se\u00f1alar que la tarea del Estado es estar desde el primer momento de la emergencia, no solo con la entrega del bono de recuperaci\u00f3n, sino tambi\u00e9n poder pensar r\u00e1pidamente en la \u201creconstrucci\u00f3n\u201d.<\/p>\n\n\n\n<p>\ud83d\udcf7 Delegaci\u00f3n Presidencial Los Lagos<\/p>\n","protected":false},"excerpt":{"rendered":"<p>Tal como se hab\u00eda anticipado, el Presidente Gabriel Boric visit\u00f3 este lunes Puerto Varas para constatar en terreno los da\u00f1os provocados por el sorpresivo tornado que afect\u00f3 a la zona..<\/p>\n","protected":false},"author":2,"featured_media":10717,"comment_status":"closed","ping_status":"open","sticky":false,"template":"","format":"standard","meta":{"footnotes":""},"categories":[1,28,54],"tags":[],"class_list":["post-10712","post","type-post","status-publish","format-standard","has-post-thumbnail","hentry","category-acontecer","category-actual","category-lago-llanquihue"],"rttpg_featured_image_url":{"full":["https:\/\/elconquistadorredloslagos.cl\/test\/wp-content\/uploads\/2025\/05\/img-97.jpg",1920,1080,false],"landscape":["https:\/\/elconquistadorredloslagos.cl\/test\/wp-content\/uploads\/2025\/05\/img-97.jpg",1920,1080,false],"portraits":["https:\/\/elconquistadorredloslagos.cl\/test\/wp-content\/uploads\/2025\/05\/img-97.jpg",1920,1080,false],"thumbnail":["https:\/\/elconquistadorredloslagos.cl\/test\/wp-content\/uploads\/2025\/05\/img-97-150x150.jpg",150,150,true],"medium":["https:\/\/elconquistadorredloslagos.cl\/test\/wp-content\/uploads\/2025\/05\/img-97-300x169.jpg",300,169,true],"large":["https:\/\/elconquistadorredloslagos.cl\/test\/wp-content\/uploads\/2025\/05\/img-97-1024x576.jpg",1024,576,true],"1536x1536":["https:\/\/elconquistadorredloslagos.cl\/test\/wp-content\/uploads\/2025\/05\/img-97-1536x864.jpg",1536,864,true],"2048x2048":["https:\/\/elconquistadorredloslagos.cl\/test\/wp-content\/uploads\/2025\/05\/img-97.jpg",1920,1080,false]},"rttpg_author":{"display_name":"ccardenas","author_link":"https:\/\/elconquistadorredloslagos.cl\/test\/blog\/author\/ccardenas\/"},"rttpg_comment":0,"rttpg_category":"<a href=\"https:\/\/elconquistadorredloslagos.cl\/test\/blog\/category\/actual\/acontecer\/\" rel=\"category tag\">Acontecer<\/a> <a href=\"https:\/\/elconquistadorredloslagos.cl\/test\/blog\/category\/actual\/\" rel=\"category tag\">Actualidad<\/a> <a href=\"https:\/\/elconquistadorredloslagos.cl\/test\/blog\/category\/chile\/lago-llanquihue\/\" rel=\"category tag\">Lago LLanquihue<\/a>","rttpg_excerpt":"Tal como se hab\u00eda anticipado, el Presidente Gabriel Boric visit\u00f3 este lunes Puerto Varas para constatar en terreno los da\u00f1os provocados por el sorpresivo tornado que afect\u00f3 a la zona..","_links":{"self":[{"href":"https:\/\/elconquistadorredloslagos.cl\/test\/wp-json\/wp\/v2\/posts\/10712","targetHints":{"allow":["GET"]}}],"collection":[{"href":"https:\/\/elconquistadorredloslagos.cl\/test\/wp-json\/wp\/v2\/posts"}],"about":[{"href":"https:\/\/elconquistadorredloslagos.cl\/test\/wp-json\/wp\/v2\/types\/post"}],"author":[{"embeddable":true,"href":"https:\/\/elconquistadorredloslagos.cl\/test\/wp-json\/wp\/v2\/users\/2"}],"replies":[{"embeddable":true,"href":"https:\/\/elconquistadorredloslagos.cl\/test\/wp-json\/wp\/v2\/comments?post=10712"}],"version-history":[{"count":1,"href":"https:\/\/elconquistadorredloslagos.cl\/test\/wp-json\/wp\/v2\/posts\/10712\/revisions"}],"predecessor-version":[{"id":10718,"href":"https:\/\/elconquistadorredloslagos.cl\/test\/wp-json\/wp\/v2\/posts\/10712\/revisions\/10718"}],"wp:featuredmedia":[{"embeddable":true,"href":"https:\/\/elconquistadorredloslagos.cl\/test\/wp-json\/wp\/v2\/media\/10717"}],"wp:attachment":[{"href":"https:\/\/elconquistadorredloslagos.cl\/test\/wp-json\/wp\/v2\/media?parent=10712"}],"wp:term":[{"taxonomy":"category","embeddable":true,"href":"https:\/\/elconquistadorredloslagos.cl\/test\/wp-json\/wp\/v2\/categories?post=10712"},{"taxonomy":"post_tag","embeddable":true,"href":"https:\/\/elconquistadorredloslagos.cl\/test\/wp-json\/wp\/v2\/tags?post=10712"}],"curies":[{"name":"wp","href":"https:\/\/api.w.org\/{rel}","templated":true}]}}