{"id":10708,"date":"2025-05-23T15:47:05","date_gmt":"2025-05-23T19:47:05","guid":{"rendered":"https:\/\/elconquistadorredloslagos.cl\/test\/?p=10708"},"modified":"2025-05-26T15:59:56","modified_gmt":"2025-05-26T19:59:56","slug":"alcalde-de-frutillar-invito-a-visitar-exposicion-sobre-la-ex-fabrica-de-linos-en-casma","status":"publish","type":"post","link":"https:\/\/elconquistadorredloslagos.cl\/test\/blog\/2025\/05\/23\/alcalde-de-frutillar-invito-a-visitar-exposicion-sobre-la-ex-fabrica-de-linos-en-casma\/","title":{"rendered":"Alcalde de Frutillar invit\u00f3 a visitar exposici\u00f3n sobre la ex f\u00e1brica de linos en Casma"},"content":{"rendered":"\n<p>La emprensa le dio vida a la localidad durante muchos a\u00f1os y el edil invit\u00f3 a visitar la exposici\u00f3n que busca rescatar la historia local  en la Escuela Los Linares de Casma durante este fin de semana de Patrimonios. <\/p>\n\n\n\n<p>Revisa las declaraciones de Javier Arismendi alcalde de la comuna lacustre.<\/p>\n\n\n\n<figure class=\"wp-block-video\"><video height=\"1280\" style=\"aspect-ratio: 720 \/ 1280;\" width=\"720\" controls src=\"https:\/\/elconquistadorredloslagos.cl\/test\/wp-content\/uploads\/2025\/05\/WhatsApp-Video-2025-05-23-at-14.58.13.mp4\"><\/video><\/figure>\n\n\n\n<p> <\/p>\n","protected":false},"excerpt":{"rendered":"<p>La emprensa le dio vida a la localidad durante muchos a\u00f1os y el edil invit\u00f3 a visitar la exposici\u00f3n que busca rescatar la historia local en la Escuela Los Linares..<\/p>\n","protected":false},"author":7,"featured_media":10709,"comment_status":"closed","ping_status":"open","sticky":false,"template":"","format":"standard","meta":{"footnotes":""},"categories":[1,34],"tags":[],"class_list":["post-10708","post","type-post","status-publish","format-standard","has-post-thumbnail","hentry","category-acontecer","category-cultura"],"rttpg_featured_image_url":{"full":["https:\/\/elconquistadorredloslagos.cl\/test\/wp-content\/uploads\/2025\/05\/fabrica-de-linos-casma-.png",1920,1080,false],"landscape":["https:\/\/elconquistadorredloslagos.cl\/test\/wp-content\/uploads\/2025\/05\/fabrica-de-linos-casma-.png",1920,1080,false],"portraits":["https:\/\/elconquistadorredloslagos.cl\/test\/wp-content\/uploads\/2025\/05\/fabrica-de-linos-casma-.png",1920,1080,false],"thumbnail":["https:\/\/elconquistadorredloslagos.cl\/test\/wp-content\/uploads\/2025\/05\/fabrica-de-linos-casma--150x150.png",150,150,true],"medium":["https:\/\/elconquistadorredloslagos.cl\/test\/wp-content\/uploads\/2025\/05\/fabrica-de-linos-casma--300x169.png",300,169,true],"large":["https:\/\/elconquistadorredloslagos.cl\/test\/wp-content\/uploads\/2025\/05\/fabrica-de-linos-casma--1024x576.png",1024,576,true],"1536x1536":["https:\/\/elconquistadorredloslagos.cl\/test\/wp-content\/uploads\/2025\/05\/fabrica-de-linos-casma--1536x864.png",1536,864,true],"2048x2048":["https:\/\/elconquistadorredloslagos.cl\/test\/wp-content\/uploads\/2025\/05\/fabrica-de-linos-casma-.png",1920,1080,false]},"rttpg_author":{"display_name":"enzodelahoz1988","author_link":"https:\/\/elconquistadorredloslagos.cl\/test\/blog\/author\/enzodelahoz1988\/"},"rttpg_comment":0,"rttpg_category":"<a href=\"https:\/\/elconquistadorredloslagos.cl\/test\/blog\/category\/actual\/acontecer\/\" rel=\"category tag\">Acontecer<\/a> <a href=\"https:\/\/elconquistadorredloslagos.cl\/test\/blog\/category\/cultura\/\" rel=\"category tag\">Cultural<\/a>","rttpg_excerpt":"La emprensa le dio vida a la localidad durante muchos a\u00f1os y el edil invit\u00f3 a visitar la exposici\u00f3n que busca rescatar la historia local en la Escuela Los Linares..","_links":{"self":[{"href":"https:\/\/elconquistadorredloslagos.cl\/test\/wp-json\/wp\/v2\/posts\/10708","targetHints":{"allow":["GET"]}}],"collection":[{"href":"https:\/\/elconquistadorredloslagos.cl\/test\/wp-json\/wp\/v2\/posts"}],"about":[{"href":"https:\/\/elconquistadorredloslagos.cl\/test\/wp-json\/wp\/v2\/types\/post"}],"author":[{"embeddable":true,"href":"https:\/\/elconquistadorredloslagos.cl\/test\/wp-json\/wp\/v2\/users\/7"}],"replies":[{"embeddable":true,"href":"https:\/\/elconquistadorredloslagos.cl\/test\/wp-json\/wp\/v2\/comments?post=10708"}],"version-history":[{"count":1,"href":"https:\/\/elconquistadorredloslagos.cl\/test\/wp-json\/wp\/v2\/posts\/10708\/revisions"}],"predecessor-version":[{"id":10711,"href":"https:\/\/elconquistadorredloslagos.cl\/test\/wp-json\/wp\/v2\/posts\/10708\/revisions\/10711"}],"wp:featuredmedia":[{"embeddable":true,"href":"https:\/\/elconquistadorredloslagos.cl\/test\/wp-json\/wp\/v2\/media\/10709"}],"wp:attachment":[{"href":"https:\/\/elconquistadorredloslagos.cl\/test\/wp-json\/wp\/v2\/media?parent=10708"}],"wp:term":[{"taxonomy":"category","embeddable":true,"href":"https:\/\/elconquistadorredloslagos.cl\/test\/wp-json\/wp\/v2\/categories?post=10708"},{"taxonomy":"post_tag","embeddable":true,"href":"https:\/\/elconquistadorredloslagos.cl\/test\/wp-json\/wp\/v2\/tags?post=10708"}],"curies":[{"name":"wp","href":"https:\/\/api.w.org\/{rel}","templated":true}]}}