{"id":10687,"date":"2025-05-26T14:10:00","date_gmt":"2025-05-26T18:10:00","guid":{"rendered":"https:\/\/elconquistadorredloslagos.cl\/test\/?p=10687"},"modified":"2025-05-26T14:29:35","modified_gmt":"2025-05-26T18:29:35","slug":"presidente-boric-supervisara-entrega-de-la-fibe-en-puerto-varas-para-afectados-por-tornado","status":"publish","type":"post","link":"https:\/\/elconquistadorredloslagos.cl\/test\/blog\/2025\/05\/26\/presidente-boric-supervisara-entrega-de-la-fibe-en-puerto-varas-para-afectados-por-tornado\/","title":{"rendered":"Presidente Boric supervisar\u00e1 entrega de la FIBE en Puerto Varas para afectados por tornado"},"content":{"rendered":"\n<p>El Presidente Gabriel Boric viajar\u00e1 durante esta jornada de lunes a la comuna de Puerto Varas, en la Regi\u00f3n de Los Lagos, tras el tornado registrado ayer y que da\u00f1\u00f3 m\u00e1s de 250 viviendas.<\/p>\n\n\n\n<p>Seg\u00fan indicaron desde Presidencia, el Mandatario se reunir\u00e1 con \u00abautoridades locales y nacionales\u00bb en la zona. Junto con ello, el primer mandatario supervisar\u00e1 personalmente la entrega de la Ficha B\u00e1sica de Emergencia (FIBE), instrumento de caracterizaci\u00f3n socioecon\u00f3mica que se aplica en este tipo de situaciones catastr\u00f3ficas.<\/p>\n\n\n\n<p>La informaci\u00f3n fue confirmada por el subsecretario del Interior, V\u00edctor Ramos.<\/p>\n\n\n\n<figure class=\"wp-block-audio\"><audio controls src=\"https:\/\/elconquistadorredloslagos.cl\/test\/wp-content\/uploads\/2025\/05\/SUBSE-X-LLEGADA-DEL-PDTE-BORIC.mp3\"><\/audio><\/figure>\n\n\n\n<p>Las autoridades se reunir\u00e1n nuevamente esta tarde para actualizar el balance de la emergencia.<\/p>\n","protected":false},"excerpt":{"rendered":"<p>El Presidente Gabriel Boric viajar\u00e1 durante esta jornada de lunes a la comuna de Puerto Varas, en la Regi\u00f3n de Los Lagos, tras el tornado registrado ayer y que da\u00f1\u00f3..<\/p>\n","protected":false},"author":2,"featured_media":10689,"comment_status":"closed","ping_status":"open","sticky":false,"template":"","format":"standard","meta":{"footnotes":""},"categories":[1,28,54],"tags":[],"class_list":["post-10687","post","type-post","status-publish","format-standard","has-post-thumbnail","hentry","category-acontecer","category-actual","category-lago-llanquihue"],"rttpg_featured_image_url":{"full":["https:\/\/elconquistadorredloslagos.cl\/test\/wp-content\/uploads\/2025\/05\/img-96.jpg",1920,1080,false],"landscape":["https:\/\/elconquistadorredloslagos.cl\/test\/wp-content\/uploads\/2025\/05\/img-96.jpg",1920,1080,false],"portraits":["https:\/\/elconquistadorredloslagos.cl\/test\/wp-content\/uploads\/2025\/05\/img-96.jpg",1920,1080,false],"thumbnail":["https:\/\/elconquistadorredloslagos.cl\/test\/wp-content\/uploads\/2025\/05\/img-96-150x150.jpg",150,150,true],"medium":["https:\/\/elconquistadorredloslagos.cl\/test\/wp-content\/uploads\/2025\/05\/img-96-300x169.jpg",300,169,true],"large":["https:\/\/elconquistadorredloslagos.cl\/test\/wp-content\/uploads\/2025\/05\/img-96-1024x576.jpg",1024,576,true],"1536x1536":["https:\/\/elconquistadorredloslagos.cl\/test\/wp-content\/uploads\/2025\/05\/img-96-1536x864.jpg",1536,864,true],"2048x2048":["https:\/\/elconquistadorredloslagos.cl\/test\/wp-content\/uploads\/2025\/05\/img-96.jpg",1920,1080,false]},"rttpg_author":{"display_name":"ccardenas","author_link":"https:\/\/elconquistadorredloslagos.cl\/test\/blog\/author\/ccardenas\/"},"rttpg_comment":0,"rttpg_category":"<a href=\"https:\/\/elconquistadorredloslagos.cl\/test\/blog\/category\/actual\/acontecer\/\" rel=\"category tag\">Acontecer<\/a> <a href=\"https:\/\/elconquistadorredloslagos.cl\/test\/blog\/category\/actual\/\" rel=\"category tag\">Actualidad<\/a> <a href=\"https:\/\/elconquistadorredloslagos.cl\/test\/blog\/category\/chile\/lago-llanquihue\/\" rel=\"category tag\">Lago LLanquihue<\/a>","rttpg_excerpt":"El Presidente Gabriel Boric viajar\u00e1 durante esta jornada de lunes a la comuna de Puerto Varas, en la Regi\u00f3n de Los Lagos, tras el tornado registrado ayer y que da\u00f1\u00f3..","_links":{"self":[{"href":"https:\/\/elconquistadorredloslagos.cl\/test\/wp-json\/wp\/v2\/posts\/10687","targetHints":{"allow":["GET"]}}],"collection":[{"href":"https:\/\/elconquistadorredloslagos.cl\/test\/wp-json\/wp\/v2\/posts"}],"about":[{"href":"https:\/\/elconquistadorredloslagos.cl\/test\/wp-json\/wp\/v2\/types\/post"}],"author":[{"embeddable":true,"href":"https:\/\/elconquistadorredloslagos.cl\/test\/wp-json\/wp\/v2\/users\/2"}],"replies":[{"embeddable":true,"href":"https:\/\/elconquistadorredloslagos.cl\/test\/wp-json\/wp\/v2\/comments?post=10687"}],"version-history":[{"count":2,"href":"https:\/\/elconquistadorredloslagos.cl\/test\/wp-json\/wp\/v2\/posts\/10687\/revisions"}],"predecessor-version":[{"id":10696,"href":"https:\/\/elconquistadorredloslagos.cl\/test\/wp-json\/wp\/v2\/posts\/10687\/revisions\/10696"}],"wp:featuredmedia":[{"embeddable":true,"href":"https:\/\/elconquistadorredloslagos.cl\/test\/wp-json\/wp\/v2\/media\/10689"}],"wp:attachment":[{"href":"https:\/\/elconquistadorredloslagos.cl\/test\/wp-json\/wp\/v2\/media?parent=10687"}],"wp:term":[{"taxonomy":"category","embeddable":true,"href":"https:\/\/elconquistadorredloslagos.cl\/test\/wp-json\/wp\/v2\/categories?post=10687"},{"taxonomy":"post_tag","embeddable":true,"href":"https:\/\/elconquistadorredloslagos.cl\/test\/wp-json\/wp\/v2\/tags?post=10687"}],"curies":[{"name":"wp","href":"https:\/\/api.w.org\/{rel}","templated":true}]}}