{"id":10666,"date":"2025-05-26T13:47:15","date_gmt":"2025-05-26T17:47:15","guid":{"rendered":"https:\/\/elconquistadorredloslagos.cl\/test\/?p=10666"},"modified":"2025-05-26T14:33:10","modified_gmt":"2025-05-26T18:33:10","slug":"coordinan-ayudas-en-puerto-varas-tras-devastador-tornado","status":"publish","type":"post","link":"https:\/\/elconquistadorredloslagos.cl\/test\/blog\/2025\/05\/26\/coordinan-ayudas-en-puerto-varas-tras-devastador-tornado\/","title":{"rendered":"Coordinan ayudas en Puerto Varas tras devastador tornado"},"content":{"rendered":"\n<p>Durante la ma\u00f1ana de este lunes se desarroll\u00f3 un Comit\u00e9 Regional de Gesti\u00f3n del Riesgo de Desastres (COGRID) desde las 09.00 horas en Puerto Varas, con el objetivo de fortalecer los planes de emergencia y actualizar los puntos cr\u00edticos de la comuna, tras el devastador tornado que azot\u00f3 la tarde del domingo a la ciudad lacustre, dejando un saldo de 19 personas heridas, seg\u00fan confirm\u00f3 el \u00faltimo informe del SENAPRED a las 04.12 de esta madrugada. Los lesionados fueron trasladados a centros asistenciales locales, mientras se eval\u00faan da\u00f1os en al menos 250 viviendas.<\/p>\n\n\n\n<p>El suministro de agua potable se ha restituido al 100%. Asimismo, el fen\u00f3meno clim\u00e1tico provoc\u00f3 serios cortes de electricidad de acuerdo a la Superintendencia de Electricidad y Combustibles (SEC). Las cifras hablan de un 85% que se encuentra restaurado, lo que equivale a 21.000 personas que contaban alg\u00fan tipo de afectaci\u00f3n. <\/p>\n\n\n\n<p>Las empresas Sociedad Austral de Electricidad S.A. (SAESA) y la Cooperativa Regional El\u00e9ctrica Llanquihue Ltda. (CRELL) informaron que 32 personas electrodependientes contin\u00faan con equipos de respaldo operativos.<\/p>\n\n\n\n<p>La comuna mantiene la Alerta Roja vigente desde el 25 de mayo, mientras que a nivel regional sigue activa la Alerta Amarilla. Hasta la zona arrib\u00f3 el subsecretario del Interior, V\u00edctor Ramos, quien entreg\u00f3 detalles de este balance.<\/p>\n\n\n\n<figure class=\"wp-block-audio\"><audio controls src=\"https:\/\/elconquistadorredloslagos.cl\/test\/wp-content\/uploads\/2025\/05\/SUBSE.mp3\"><\/audio><\/figure>\n\n\n\n<p>Por su parte el alcalde puertovarino, Tom\u00e1s G\u00e1rate, destac\u00f3 la seguridad entregada a la comunidad, descartando que hayan existido incivilidades en medio del desastre.<\/p>\n\n\n\n<figure class=\"wp-block-audio\"><audio controls src=\"https:\/\/elconquistadorredloslagos.cl\/test\/wp-content\/uploads\/2025\/05\/ALCALDE-GARATE.mp3\"><\/audio><\/figure>\n\n\n\n<p>La delegada presidencial regional, Paulina Mu\u00f1oz, relev\u00f3 la labor de instancias p\u00fablico-privadas, para trabajar en pro de la contingencia y afectaci\u00f3n a vecinos.<\/p>\n\n\n\n<figure class=\"wp-block-audio\"><audio controls src=\"https:\/\/elconquistadorredloslagos.cl\/test\/wp-content\/uploads\/2025\/05\/PAULINA-MUNOZ.mp3\"><\/audio><\/figure>\n\n\n\n<p>Finalmente el gobernador de Los Lagos, Alejandro Santana, indic\u00f3 que existir\u00e1 apoyo por parte del GORE en cuanto al otorgamiento de recursos, pero adem\u00e1s hizo un llamado al Presidente Boric a contar con la disposici\u00f3n de reponer los recursos destinados a emergencias, los cuales se rebajaron en la regi\u00f3n.<\/p>\n\n\n\n<figure class=\"wp-block-audio\"><audio controls src=\"https:\/\/elconquistadorredloslagos.cl\/test\/wp-content\/uploads\/2025\/05\/SANTANA-COGRID.mp3\"><\/audio><\/figure>\n\n\n\n<p>Las clases est\u00e1n suspendidas en los 50 establecimientos de la comuna. El Gimnasio Fiscal contin\u00faa funcionando como albergue, con personal del Ej\u00e9rcito, Bomberos, Carabineros, PDI y municipios apoyando las labores. Paralelamente, se habilit\u00f3 el roaming de emergencia.<\/p>\n\n\n\n<p><strong>AYUDA<\/strong><\/p>\n\n\n\n<p>Asimismo, desde la Municipalidad de Puerto Varas se lanz\u00f3 una campa\u00f1a de recolecci\u00f3n de materiales de construcci\u00f3n como planchas de zinc, nylon, clavos, entre otros. El centro de acopio es el Gimnasio Fiscal de la comuna lacustre.<\/p>\n\n\n\n<p>\ud83d\udcf7 <a href=\"https:\/\/www.facebook.com\/GoreLosLagosOficial?__tn__=-UC*F\">Gobierno Regional de Los Lagos<\/a> &#8211; Facebook<\/p>\n\n\n\n<p>\ud83d\udcf7 <a href=\"https:\/\/www.facebook.com\/puertovarasinforma?__cft__[0]=AZVIVENhFFqCSoWDBkoc32u6y1yYW1cSKNNpqsMcPpHezdaO2bHgasMUakGKbLSovAY0uoz9PcxOBWVrf2nNlb91JUmidzKhtnJjQpDpZ06M2_5DgvKOjp-n9HXGyKqZX2Pnte3b8fpAEZdhQM3zZnWubizqibdmFYBj7pY14uJbPitF-RCcYzC0rI2yUFxkatNhwv1vRWjzjsYxtLI1IuUm&amp;__tn__=-UC%2CP-R\"><strong>Ilustre Municipalidad de Puerto Varas<\/strong><\/a> &#8211; Facebook<\/p>\n\n\n\n<figure class=\"wp-block-gallery has-nested-images columns-default is-cropped wp-block-gallery-1 is-layout-flex wp-block-gallery-is-layout-flex\">\n<figure class=\"wp-block-image size-large\"><img loading=\"lazy\" decoding=\"async\" width=\"1024\" height=\"683\" data-id=\"10676\" src=\"https:\/\/elconquistadorredloslagos.cl\/test\/wp-content\/uploads\/2025\/05\/499861648_1015871104060702_7708236631954088456_n-1024x683.jpg\" alt=\"\" class=\"wp-image-10676\" \/><\/figure>\n\n\n\n<figure class=\"wp-block-image size-large\"><img loading=\"lazy\" decoding=\"async\" width=\"1024\" height=\"683\" data-id=\"10675\" src=\"https:\/\/elconquistadorredloslagos.cl\/test\/wp-content\/uploads\/2025\/05\/499864662_1015871054060707_3037350656745375680_n-1024x683.jpg\" alt=\"\" class=\"wp-image-10675\" \/><\/figure>\n\n\n\n<figure class=\"wp-block-image size-large\"><img loading=\"lazy\" decoding=\"async\" width=\"1024\" height=\"683\" data-id=\"10678\" src=\"https:\/\/elconquistadorredloslagos.cl\/test\/wp-content\/uploads\/2025\/05\/499864903_1015870787394067_4540322276015222968_n-1024x683.jpg\" alt=\"\" class=\"wp-image-10678\" \/><\/figure>\n\n\n\n<figure class=\"wp-block-image size-large\"><img loading=\"lazy\" decoding=\"async\" width=\"1024\" height=\"683\" data-id=\"10677\" src=\"https:\/\/elconquistadorredloslagos.cl\/test\/wp-content\/uploads\/2025\/05\/499904108_1015870647394081_2648319020103015655_n-1024x683.jpg\" alt=\"\" class=\"wp-image-10677\" \/><\/figure>\n\n\n\n<figure class=\"wp-block-image size-large\"><img loading=\"lazy\" decoding=\"async\" width=\"1024\" height=\"683\" data-id=\"10674\" src=\"https:\/\/elconquistadorredloslagos.cl\/test\/wp-content\/uploads\/2025\/05\/499921786_1015870690727410_5402254320242788333_n-1024x683.jpg\" alt=\"\" class=\"wp-image-10674\" \/><\/figure>\n\n\n\n<figure class=\"wp-block-image size-large\"><img loading=\"lazy\" decoding=\"async\" width=\"1024\" height=\"683\" data-id=\"10673\" src=\"https:\/\/elconquistadorredloslagos.cl\/test\/wp-content\/uploads\/2025\/05\/499927208_1015871147394031_8720015875327072293_n-1024x683.jpg\" alt=\"\" class=\"wp-image-10673\" \/><\/figure>\n\n\n\n<figure class=\"wp-block-image size-large\"><img loading=\"lazy\" decoding=\"async\" width=\"1024\" height=\"768\" data-id=\"10679\" src=\"https:\/\/elconquistadorredloslagos.cl\/test\/wp-content\/uploads\/2025\/05\/499954141_1113287080837126_6072225361321081897_n-1024x768.jpg\" alt=\"\" class=\"wp-image-10679\" \/><\/figure>\n\n\n\n<figure class=\"wp-block-image size-large\"><img loading=\"lazy\" decoding=\"async\" width=\"1024\" height=\"768\" data-id=\"10683\" src=\"https:\/\/elconquistadorredloslagos.cl\/test\/wp-content\/uploads\/2025\/05\/500039453_1113287170837117_4620042525969146269_n-1024x768.jpg\" alt=\"\" class=\"wp-image-10683\" \/><\/figure>\n\n\n\n<figure class=\"wp-block-image size-large\"><img loading=\"lazy\" decoding=\"async\" width=\"450\" height=\"600\" data-id=\"10672\" src=\"https:\/\/elconquistadorredloslagos.cl\/test\/wp-content\/uploads\/2025\/05\/500217642_1113287194170448_4722019820934683179_n.jpg\" alt=\"\" class=\"wp-image-10672\" \/><\/figure>\n\n\n\n<figure class=\"wp-block-image size-large\"><img loading=\"lazy\" decoding=\"async\" width=\"1024\" height=\"768\" data-id=\"10682\" src=\"https:\/\/elconquistadorredloslagos.cl\/test\/wp-content\/uploads\/2025\/05\/500245739_1113287094170458_5829515602004852250_n-1024x768.jpg\" alt=\"\" class=\"wp-image-10682\" \/><\/figure>\n\n\n\n<figure class=\"wp-block-image size-large\"><img loading=\"lazy\" decoding=\"async\" width=\"1024\" height=\"768\" data-id=\"10680\" src=\"https:\/\/elconquistadorredloslagos.cl\/test\/wp-content\/uploads\/2025\/05\/500325765_1113287287503772_1563975075034118988_n-1024x768.jpg\" alt=\"\" class=\"wp-image-10680\" \/><\/figure>\n\n\n\n<figure class=\"wp-block-image size-large\"><img loading=\"lazy\" decoding=\"async\" width=\"768\" height=\"1024\" data-id=\"10681\" src=\"https:\/\/elconquistadorredloslagos.cl\/test\/wp-content\/uploads\/2025\/05\/500668858_1113287310837103_5563059953126420243_n-768x1024.jpg\" alt=\"\" class=\"wp-image-10681\" \/><\/figure>\n<\/figure>\n","protected":false},"excerpt":{"rendered":"<p>Durante la ma\u00f1ana de este lunes se desarroll\u00f3 un Comit\u00e9 Regional de Gesti\u00f3n del Riesgo de Desastres (COGRID) desde las 09.00 horas en Puerto Varas, con el objetivo de fortalecer..<\/p>\n","protected":false},"author":2,"featured_media":10671,"comment_status":"closed","ping_status":"open","sticky":false,"template":"","format":"standard","meta":{"footnotes":""},"categories":[1,28,54],"tags":[],"class_list":["post-10666","post","type-post","status-publish","format-standard","has-post-thumbnail","hentry","category-acontecer","category-actual","category-lago-llanquihue"],"rttpg_featured_image_url":{"full":["https:\/\/elconquistadorredloslagos.cl\/test\/wp-content\/uploads\/2025\/05\/img-95.jpg",1920,1080,false],"landscape":["https:\/\/elconquistadorredloslagos.cl\/test\/wp-content\/uploads\/2025\/05\/img-95.jpg",1920,1080,false],"portraits":["https:\/\/elconquistadorredloslagos.cl\/test\/wp-content\/uploads\/2025\/05\/img-95.jpg",1920,1080,false],"thumbnail":["https:\/\/elconquistadorredloslagos.cl\/test\/wp-content\/uploads\/2025\/05\/img-95-150x150.jpg",150,150,true],"medium":["https:\/\/elconquistadorredloslagos.cl\/test\/wp-content\/uploads\/2025\/05\/img-95-300x169.jpg",300,169,true],"large":["https:\/\/elconquistadorredloslagos.cl\/test\/wp-content\/uploads\/2025\/05\/img-95-1024x576.jpg",1024,576,true],"1536x1536":["https:\/\/elconquistadorredloslagos.cl\/test\/wp-content\/uploads\/2025\/05\/img-95-1536x864.jpg",1536,864,true],"2048x2048":["https:\/\/elconquistadorredloslagos.cl\/test\/wp-content\/uploads\/2025\/05\/img-95.jpg",1920,1080,false]},"rttpg_author":{"display_name":"ccardenas","author_link":"https:\/\/elconquistadorredloslagos.cl\/test\/blog\/author\/ccardenas\/"},"rttpg_comment":0,"rttpg_category":"<a href=\"https:\/\/elconquistadorredloslagos.cl\/test\/blog\/category\/actual\/acontecer\/\" rel=\"category tag\">Acontecer<\/a> <a href=\"https:\/\/elconquistadorredloslagos.cl\/test\/blog\/category\/actual\/\" rel=\"category tag\">Actualidad<\/a> <a href=\"https:\/\/elconquistadorredloslagos.cl\/test\/blog\/category\/chile\/lago-llanquihue\/\" rel=\"category tag\">Lago LLanquihue<\/a>","rttpg_excerpt":"Durante la ma\u00f1ana de este lunes se desarroll\u00f3 un Comit\u00e9 Regional de Gesti\u00f3n del Riesgo de Desastres (COGRID) desde las 09.00 horas en Puerto Varas, con el objetivo de fortalecer..","_links":{"self":[{"href":"https:\/\/elconquistadorredloslagos.cl\/test\/wp-json\/wp\/v2\/posts\/10666","targetHints":{"allow":["GET"]}}],"collection":[{"href":"https:\/\/elconquistadorredloslagos.cl\/test\/wp-json\/wp\/v2\/posts"}],"about":[{"href":"https:\/\/elconquistadorredloslagos.cl\/test\/wp-json\/wp\/v2\/types\/post"}],"author":[{"embeddable":true,"href":"https:\/\/elconquistadorredloslagos.cl\/test\/wp-json\/wp\/v2\/users\/2"}],"replies":[{"embeddable":true,"href":"https:\/\/elconquistadorredloslagos.cl\/test\/wp-json\/wp\/v2\/comments?post=10666"}],"version-history":[{"count":6,"href":"https:\/\/elconquistadorredloslagos.cl\/test\/wp-json\/wp\/v2\/posts\/10666\/revisions"}],"predecessor-version":[{"id":10701,"href":"https:\/\/elconquistadorredloslagos.cl\/test\/wp-json\/wp\/v2\/posts\/10666\/revisions\/10701"}],"wp:featuredmedia":[{"embeddable":true,"href":"https:\/\/elconquistadorredloslagos.cl\/test\/wp-json\/wp\/v2\/media\/10671"}],"wp:attachment":[{"href":"https:\/\/elconquistadorredloslagos.cl\/test\/wp-json\/wp\/v2\/media?parent=10666"}],"wp:term":[{"taxonomy":"category","embeddable":true,"href":"https:\/\/elconquistadorredloslagos.cl\/test\/wp-json\/wp\/v2\/categories?post=10666"},{"taxonomy":"post_tag","embeddable":true,"href":"https:\/\/elconquistadorredloslagos.cl\/test\/wp-json\/wp\/v2\/tags?post=10666"}],"curies":[{"name":"wp","href":"https:\/\/api.w.org\/{rel}","templated":true}]}}