{"id":10663,"date":"2025-05-26T12:59:34","date_gmt":"2025-05-26T16:59:34","guid":{"rendered":"https:\/\/elconquistadorredloslagos.cl\/test\/?p=10663"},"modified":"2025-05-26T12:59:34","modified_gmt":"2025-05-26T16:59:34","slug":"municipio-de-frutillar-apoya-a-puerto-varas-con-maquinarias-recurso-humano-y-campana-solidaria","status":"publish","type":"post","link":"https:\/\/elconquistadorredloslagos.cl\/test\/blog\/2025\/05\/26\/municipio-de-frutillar-apoya-a-puerto-varas-con-maquinarias-recurso-humano-y-campana-solidaria\/","title":{"rendered":"Municipio de Frutillar apoya a Puerto Varas con maquinarias, recurso humano y campa\u00f1a solidaria"},"content":{"rendered":"\n<h5 class=\"wp-block-heading\"><em>El Alcalde de Frutillar Javier Arismendi junto con el encargado de Seguridad Publica y Emergencias Alvaro Almonacid, se encuentran en la ciudad de Puerto Varas para apoyar las gestiones a ra\u00edz del tornado que la jornada del domingo afect\u00f3 a la vecina comuna, dejando a m\u00e1s de 15 personas lesionadas y unas 300 construcciones da\u00f1adas.<\/em><\/h5>\n\n\n\n<p>De hecho, en la ma\u00f1ana de este lunes se reuni\u00f3 el Comit\u00e9 de Gesti\u00f3n de Riesgo de Desastres (Cogrid) que fue encabezado por el subsecretario del Interior, V\u00edctor Ramos, junto con el Alcalde de Puerto Varas, Tomas Garate y autoridades regionales para analizar los pasos a seguir a ra\u00edz de esta emergencia.<\/p>\n\n\n\n<p>En tal sentido, el Alcalde Arismendi dijo que el municipio de Frutillar, junto con disponer de personal de Seguridad Publica y Emergencias, tambi\u00e9n apoyar\u00e1 con maquinaria para la remoci\u00f3n de escombros, personal de Dideco para aplicar la ficha Fibe.<\/p>\n\n\n\n<p>Son m\u00e1s de 10 los funcionarios municipales los que est\u00e1n apoyando a ra\u00edz de esta cat\u00e1strofe natural.<\/p>\n\n\n\n<p>Junto con ello el municipio iniciar\u00e1 una campa\u00f1a de recolecci\u00f3n de alimentos no perecibles para ayudar a las familias damnificadas.<\/p>\n","protected":false},"excerpt":{"rendered":"<p>El Alcalde de Frutillar Javier Arismendi junto con el encargado de Seguridad Publica y Emergencias Alvaro Almonacid, se encuentran en la ciudad de Puerto Varas para apoyar las gestiones a..<\/p>\n","protected":false},"author":7,"featured_media":10664,"comment_status":"closed","ping_status":"open","sticky":false,"template":"","format":"standard","meta":{"footnotes":""},"categories":[1,54,52],"tags":[],"class_list":["post-10663","post","type-post","status-publish","format-standard","has-post-thumbnail","hentry","category-acontecer","category-lago-llanquihue","category-chile"],"rttpg_featured_image_url":{"full":["https:\/\/elconquistadorredloslagos.cl\/test\/wp-content\/uploads\/2025\/05\/frutillar-ayuda-a-puerto-varas.png",1920,1080,false],"landscape":["https:\/\/elconquistadorredloslagos.cl\/test\/wp-content\/uploads\/2025\/05\/frutillar-ayuda-a-puerto-varas.png",1920,1080,false],"portraits":["https:\/\/elconquistadorredloslagos.cl\/test\/wp-content\/uploads\/2025\/05\/frutillar-ayuda-a-puerto-varas.png",1920,1080,false],"thumbnail":["https:\/\/elconquistadorredloslagos.cl\/test\/wp-content\/uploads\/2025\/05\/frutillar-ayuda-a-puerto-varas-150x150.png",150,150,true],"medium":["https:\/\/elconquistadorredloslagos.cl\/test\/wp-content\/uploads\/2025\/05\/frutillar-ayuda-a-puerto-varas-300x169.png",300,169,true],"large":["https:\/\/elconquistadorredloslagos.cl\/test\/wp-content\/uploads\/2025\/05\/frutillar-ayuda-a-puerto-varas-1024x576.png",1024,576,true],"1536x1536":["https:\/\/elconquistadorredloslagos.cl\/test\/wp-content\/uploads\/2025\/05\/frutillar-ayuda-a-puerto-varas-1536x864.png",1536,864,true],"2048x2048":["https:\/\/elconquistadorredloslagos.cl\/test\/wp-content\/uploads\/2025\/05\/frutillar-ayuda-a-puerto-varas.png",1920,1080,false]},"rttpg_author":{"display_name":"enzodelahoz1988","author_link":"https:\/\/elconquistadorredloslagos.cl\/test\/blog\/author\/enzodelahoz1988\/"},"rttpg_comment":0,"rttpg_category":"<a href=\"https:\/\/elconquistadorredloslagos.cl\/test\/blog\/category\/actual\/acontecer\/\" rel=\"category tag\">Acontecer<\/a> <a href=\"https:\/\/elconquistadorredloslagos.cl\/test\/blog\/category\/chile\/lago-llanquihue\/\" rel=\"category tag\">Lago LLanquihue<\/a> <a href=\"https:\/\/elconquistadorredloslagos.cl\/test\/blog\/category\/chile\/\" rel=\"category tag\">Nacional<\/a>","rttpg_excerpt":"El Alcalde de Frutillar Javier Arismendi junto con el encargado de Seguridad Publica y Emergencias Alvaro Almonacid, se encuentran en la ciudad de Puerto Varas para apoyar las gestiones a..","_links":{"self":[{"href":"https:\/\/elconquistadorredloslagos.cl\/test\/wp-json\/wp\/v2\/posts\/10663","targetHints":{"allow":["GET"]}}],"collection":[{"href":"https:\/\/elconquistadorredloslagos.cl\/test\/wp-json\/wp\/v2\/posts"}],"about":[{"href":"https:\/\/elconquistadorredloslagos.cl\/test\/wp-json\/wp\/v2\/types\/post"}],"author":[{"embeddable":true,"href":"https:\/\/elconquistadorredloslagos.cl\/test\/wp-json\/wp\/v2\/users\/7"}],"replies":[{"embeddable":true,"href":"https:\/\/elconquistadorredloslagos.cl\/test\/wp-json\/wp\/v2\/comments?post=10663"}],"version-history":[{"count":1,"href":"https:\/\/elconquistadorredloslagos.cl\/test\/wp-json\/wp\/v2\/posts\/10663\/revisions"}],"predecessor-version":[{"id":10665,"href":"https:\/\/elconquistadorredloslagos.cl\/test\/wp-json\/wp\/v2\/posts\/10663\/revisions\/10665"}],"wp:featuredmedia":[{"embeddable":true,"href":"https:\/\/elconquistadorredloslagos.cl\/test\/wp-json\/wp\/v2\/media\/10664"}],"wp:attachment":[{"href":"https:\/\/elconquistadorredloslagos.cl\/test\/wp-json\/wp\/v2\/media?parent=10663"}],"wp:term":[{"taxonomy":"category","embeddable":true,"href":"https:\/\/elconquistadorredloslagos.cl\/test\/wp-json\/wp\/v2\/categories?post=10663"},{"taxonomy":"post_tag","embeddable":true,"href":"https:\/\/elconquistadorredloslagos.cl\/test\/wp-json\/wp\/v2\/tags?post=10663"}],"curies":[{"name":"wp","href":"https:\/\/api.w.org\/{rel}","templated":true}]}}