{"id":10658,"date":"2025-05-26T10:44:59","date_gmt":"2025-05-26T14:44:59","guid":{"rendered":"https:\/\/elconquistadorredloslagos.cl\/test\/?p=10658"},"modified":"2025-05-26T10:45:01","modified_gmt":"2025-05-26T14:45:01","slug":"gobierno-regional-despliega-operativo-en-terreno-tras-inedito-tornado-que-afecto-a-puerto-varas","status":"publish","type":"post","link":"https:\/\/elconquistadorredloslagos.cl\/test\/blog\/2025\/05\/26\/gobierno-regional-despliega-operativo-en-terreno-tras-inedito-tornado-que-afecto-a-puerto-varas\/","title":{"rendered":"Gobierno Regional despliega operativo en terreno tras in\u00e9dito tornado que afect\u00f3 a Puerto Varas"},"content":{"rendered":"\n<p>Luego del sorpresivo tornado que este domingo impact\u00f3 fuertemente a la comuna de Puerto Varas -dejando m\u00e1s de 200 viviendas da\u00f1adas, 8 personas lesionadas y m\u00e1s de 15 mil hogares sin suministro el\u00e9ctrico- el Gobierno Regional de Los Lagos activ\u00f3 un amplio despliegue de emergencia para abordar la situaci\u00f3n y coordinar las primeras medidas de apoyo a la comunidad.<\/p>\n\n\n\n<p>Desde las primeras horas posteriores al fen\u00f3meno, el Gobernador Regional, Alejandro Santana, determin\u00f3 la movilizaci\u00f3n inmediata de parte del equipo de jefaturas de divisi\u00f3n del Gobierno Regional hacia el Comit\u00e9 de Gesti\u00f3n del Riesgo de Desastres (COGRID), con el objetivo de articular directamente en terreno las acciones necesarias junto al municipio y organismos t\u00e9cnicos.<\/p>\n\n\n\n<figure class=\"wp-block-audio\"><audio controls src=\"https:\/\/elconquistadorredloslagos.cl\/test\/wp-content\/uploads\/2025\/05\/SANTANA-1.mp3\"><\/audio><\/figure>\n\n\n\n<p>El fen\u00f3meno meteorol\u00f3gico, calificado como sin precedentes en la zona sur del pa\u00eds, provoc\u00f3 severas afectaciones en infraestructura cr\u00edtica, redes el\u00e9ctricas y de agua potable, as\u00ed como da\u00f1os significativos en viviendas particulares, obligando a las autoridades a activar todos los mecanismos de respuesta disponibles. En este contexto, el Gobernador Santana recalc\u00f3 que el despliegue del Gobierno Regional incluye tanto presencia t\u00e9cnica como apoyo operativo en terreno.<\/p>\n\n\n\n<figure class=\"wp-block-audio\"><audio controls src=\"https:\/\/elconquistadorredloslagos.cl\/test\/wp-content\/uploads\/2025\/05\/SANTANA-2.mp3\"><\/audio><\/figure>\n\n\n\n<p>Adem\u00e1s, anunci\u00f3 que este lunes se sostendr\u00e1 una reuni\u00f3n junto al alcalde de Puerto Varas, Tom\u00e1s G\u00e1rate, para definir un plan de acci\u00f3n conjunto que permita dar respuesta efectiva a las necesidades de las familias afectadas. No se descarta, seg\u00fan agreg\u00f3, la posibilidad de solicitar la declaraci\u00f3n de zona de emergencia para la comuna, medida actualmente en evaluaci\u00f3n.<\/p>\n\n\n\n<p>Durante la jornada del lunes, el gobernador y su equipo, junto a autoridades locales y personal t\u00e9cnico, realizar\u00e1n una inspecci\u00f3n detallada de los sectores afectados, con el fin de dimensionar con precisi\u00f3n el impacto de esta emergencia y canalizar los apoyos necesarios desde los niveles regional y nacional.<\/p>\n","protected":false},"excerpt":{"rendered":"<p>Luego del sorpresivo tornado que este domingo impact\u00f3 fuertemente a la comuna de Puerto Varas -dejando m\u00e1s de 200 viviendas da\u00f1adas, 8 personas lesionadas y m\u00e1s de 15 mil hogares..<\/p>\n","protected":false},"author":2,"featured_media":10661,"comment_status":"closed","ping_status":"open","sticky":false,"template":"","format":"standard","meta":{"footnotes":""},"categories":[1,28,54],"tags":[],"class_list":["post-10658","post","type-post","status-publish","format-standard","has-post-thumbnail","hentry","category-acontecer","category-actual","category-lago-llanquihue"],"rttpg_featured_image_url":{"full":["https:\/\/elconquistadorredloslagos.cl\/test\/wp-content\/uploads\/2025\/05\/Diseno-sin-titulo-13.jpg",1920,1080,false],"landscape":["https:\/\/elconquistadorredloslagos.cl\/test\/wp-content\/uploads\/2025\/05\/Diseno-sin-titulo-13.jpg",1920,1080,false],"portraits":["https:\/\/elconquistadorredloslagos.cl\/test\/wp-content\/uploads\/2025\/05\/Diseno-sin-titulo-13.jpg",1920,1080,false],"thumbnail":["https:\/\/elconquistadorredloslagos.cl\/test\/wp-content\/uploads\/2025\/05\/Diseno-sin-titulo-13-150x150.jpg",150,150,true],"medium":["https:\/\/elconquistadorredloslagos.cl\/test\/wp-content\/uploads\/2025\/05\/Diseno-sin-titulo-13-300x169.jpg",300,169,true],"large":["https:\/\/elconquistadorredloslagos.cl\/test\/wp-content\/uploads\/2025\/05\/Diseno-sin-titulo-13-1024x576.jpg",1024,576,true],"1536x1536":["https:\/\/elconquistadorredloslagos.cl\/test\/wp-content\/uploads\/2025\/05\/Diseno-sin-titulo-13-1536x864.jpg",1536,864,true],"2048x2048":["https:\/\/elconquistadorredloslagos.cl\/test\/wp-content\/uploads\/2025\/05\/Diseno-sin-titulo-13.jpg",1920,1080,false]},"rttpg_author":{"display_name":"ccardenas","author_link":"https:\/\/elconquistadorredloslagos.cl\/test\/blog\/author\/ccardenas\/"},"rttpg_comment":0,"rttpg_category":"<a href=\"https:\/\/elconquistadorredloslagos.cl\/test\/blog\/category\/actual\/acontecer\/\" rel=\"category tag\">Acontecer<\/a> <a href=\"https:\/\/elconquistadorredloslagos.cl\/test\/blog\/category\/actual\/\" rel=\"category tag\">Actualidad<\/a> <a href=\"https:\/\/elconquistadorredloslagos.cl\/test\/blog\/category\/chile\/lago-llanquihue\/\" rel=\"category tag\">Lago LLanquihue<\/a>","rttpg_excerpt":"Luego del sorpresivo tornado que este domingo impact\u00f3 fuertemente a la comuna de Puerto Varas -dejando m\u00e1s de 200 viviendas da\u00f1adas, 8 personas lesionadas y m\u00e1s de 15 mil hogares..","_links":{"self":[{"href":"https:\/\/elconquistadorredloslagos.cl\/test\/wp-json\/wp\/v2\/posts\/10658","targetHints":{"allow":["GET"]}}],"collection":[{"href":"https:\/\/elconquistadorredloslagos.cl\/test\/wp-json\/wp\/v2\/posts"}],"about":[{"href":"https:\/\/elconquistadorredloslagos.cl\/test\/wp-json\/wp\/v2\/types\/post"}],"author":[{"embeddable":true,"href":"https:\/\/elconquistadorredloslagos.cl\/test\/wp-json\/wp\/v2\/users\/2"}],"replies":[{"embeddable":true,"href":"https:\/\/elconquistadorredloslagos.cl\/test\/wp-json\/wp\/v2\/comments?post=10658"}],"version-history":[{"count":1,"href":"https:\/\/elconquistadorredloslagos.cl\/test\/wp-json\/wp\/v2\/posts\/10658\/revisions"}],"predecessor-version":[{"id":10662,"href":"https:\/\/elconquistadorredloslagos.cl\/test\/wp-json\/wp\/v2\/posts\/10658\/revisions\/10662"}],"wp:featuredmedia":[{"embeddable":true,"href":"https:\/\/elconquistadorredloslagos.cl\/test\/wp-json\/wp\/v2\/media\/10661"}],"wp:attachment":[{"href":"https:\/\/elconquistadorredloslagos.cl\/test\/wp-json\/wp\/v2\/media?parent=10658"}],"wp:term":[{"taxonomy":"category","embeddable":true,"href":"https:\/\/elconquistadorredloslagos.cl\/test\/wp-json\/wp\/v2\/categories?post=10658"},{"taxonomy":"post_tag","embeddable":true,"href":"https:\/\/elconquistadorredloslagos.cl\/test\/wp-json\/wp\/v2\/tags?post=10658"}],"curies":[{"name":"wp","href":"https:\/\/api.w.org\/{rel}","templated":true}]}}