{"id":10647,"date":"2025-05-25T16:40:14","date_gmt":"2025-05-25T20:40:14","guid":{"rendered":"https:\/\/elconquistadorredloslagos.cl\/test\/?p=10647"},"modified":"2025-05-26T14:26:29","modified_gmt":"2025-05-26T18:26:29","slug":"violento-tornado-arraza-en-puerto-varas-y-deja-danos-en-viviendas-y-servicios","status":"publish","type":"post","link":"https:\/\/elconquistadorredloslagos.cl\/test\/blog\/2025\/05\/25\/violento-tornado-arraza-en-puerto-varas-y-deja-danos-en-viviendas-y-servicios\/","title":{"rendered":"Violento tornado arraza en Puerto Varas y deja da\u00f1os en viviendas y servicios"},"content":{"rendered":"\n<p>Un sorpresivo tornado azot\u00f3 la tarde de este domingo a la comuna de Puerto Varas, generando significativos destrozos que obligaron a las autoridades a activar el Comit\u00e9 de Gesti\u00f3n del Riesgo de Desastres (COGRID).<\/p>\n\n\n\n<p>El fen\u00f3meno afect\u00f3 especialmente a la poblaci\u00f3n Villa Los Presidentes, ubicada en el sector norte de la ciudad. <\/p>\n\n\n\n<p>A trav\u00e9s de redes sociales, vecinos difundieron impactantes im\u00e1genes que evidencian la magnitud del evento: techos arrancados por el viento, vidrios destrozados en un centro comercial y calles cubiertas por arboles, ramas y escombros.<\/p>\n\n\n\n<p>Adem\u00e1s del da\u00f1o estructural, se reportaron cortes en el suministro el\u00e9ctrico, sumiendo a varias zonas en un inquietante silencio. <\/p>\n\n\n\n<p>Los registros compartidos muestran una escena que supera con creces la fuerza de los vientos habituales, dejando a la comunidad en estado de alerta.<\/p>\n\n\n\n<figure class=\"wp-block-embed is-type-rich is-provider-gestor-del-servicio wp-block-embed-gestor-del-servicio\"><div class=\"wp-block-embed__wrapper\">\n<div style=\"width: 640px;\" class=\"wp-video\"><video class=\"wp-video-shortcode\" id=\"video-10647-1\" width=\"640\" height=\"360\" preload=\"metadata\" controls=\"controls\"><source type=\"video\/mp4\" src=\"https:\/\/elconquistadorredloslagos.cl\/test\/md\/ptovaras.mp4?_=1\" \/><a href=\"https:\/\/elconquistadorredloslagos.cl\/test\/md\/ptovaras.mp4\">https:\/\/elconquistadorredloslagos.cl\/test\/md\/ptovaras.mp4<\/a><\/video><\/div>\n<\/div><\/figure>\n\n\n\n<p>\ud83d\udcf7\ud83c\udfa5 Redes sociales <\/p>\n\n\n\n<p><\/p>\n","protected":false},"excerpt":{"rendered":"<p>Un sorpresivo tornado azot\u00f3 la tarde de este domingo a la comuna de Puerto Varas, generando significativos destrozos que obligaron a las autoridades a activar el Comit\u00e9 de Gesti\u00f3n del..<\/p>\n","protected":false},"author":2,"featured_media":10648,"comment_status":"closed","ping_status":"open","sticky":false,"template":"","format":"standard","meta":{"footnotes":""},"categories":[1,28,54],"tags":[],"class_list":["post-10647","post","type-post","status-publish","format-standard","has-post-thumbnail","hentry","category-acontecer","category-actual","category-lago-llanquihue"],"rttpg_featured_image_url":{"full":["https:\/\/elconquistadorredloslagos.cl\/test\/wp-content\/uploads\/2025\/05\/Diseno-sin-titulo_20250525_161936_0000.jpg",1920,1080,false],"landscape":["https:\/\/elconquistadorredloslagos.cl\/test\/wp-content\/uploads\/2025\/05\/Diseno-sin-titulo_20250525_161936_0000.jpg",1920,1080,false],"portraits":["https:\/\/elconquistadorredloslagos.cl\/test\/wp-content\/uploads\/2025\/05\/Diseno-sin-titulo_20250525_161936_0000.jpg",1920,1080,false],"thumbnail":["https:\/\/elconquistadorredloslagos.cl\/test\/wp-content\/uploads\/2025\/05\/Diseno-sin-titulo_20250525_161936_0000-150x150.jpg",150,150,true],"medium":["https:\/\/elconquistadorredloslagos.cl\/test\/wp-content\/uploads\/2025\/05\/Diseno-sin-titulo_20250525_161936_0000-300x169.jpg",300,169,true],"large":["https:\/\/elconquistadorredloslagos.cl\/test\/wp-content\/uploads\/2025\/05\/Diseno-sin-titulo_20250525_161936_0000-1024x576.jpg",1024,576,true],"1536x1536":["https:\/\/elconquistadorredloslagos.cl\/test\/wp-content\/uploads\/2025\/05\/Diseno-sin-titulo_20250525_161936_0000-1536x864.jpg",1536,864,true],"2048x2048":["https:\/\/elconquistadorredloslagos.cl\/test\/wp-content\/uploads\/2025\/05\/Diseno-sin-titulo_20250525_161936_0000.jpg",1920,1080,false]},"rttpg_author":{"display_name":"ccardenas","author_link":"https:\/\/elconquistadorredloslagos.cl\/test\/blog\/author\/ccardenas\/"},"rttpg_comment":0,"rttpg_category":"<a href=\"https:\/\/elconquistadorredloslagos.cl\/test\/blog\/category\/actual\/acontecer\/\" rel=\"category tag\">Acontecer<\/a> <a href=\"https:\/\/elconquistadorredloslagos.cl\/test\/blog\/category\/actual\/\" rel=\"category tag\">Actualidad<\/a> <a href=\"https:\/\/elconquistadorredloslagos.cl\/test\/blog\/category\/chile\/lago-llanquihue\/\" rel=\"category tag\">Lago LLanquihue<\/a>","rttpg_excerpt":"Un sorpresivo tornado azot\u00f3 la tarde de este domingo a la comuna de Puerto Varas, generando significativos destrozos que obligaron a las autoridades a activar el Comit\u00e9 de Gesti\u00f3n del..","_links":{"self":[{"href":"https:\/\/elconquistadorredloslagos.cl\/test\/wp-json\/wp\/v2\/posts\/10647","targetHints":{"allow":["GET"]}}],"collection":[{"href":"https:\/\/elconquistadorredloslagos.cl\/test\/wp-json\/wp\/v2\/posts"}],"about":[{"href":"https:\/\/elconquistadorredloslagos.cl\/test\/wp-json\/wp\/v2\/types\/post"}],"author":[{"embeddable":true,"href":"https:\/\/elconquistadorredloslagos.cl\/test\/wp-json\/wp\/v2\/users\/2"}],"replies":[{"embeddable":true,"href":"https:\/\/elconquistadorredloslagos.cl\/test\/wp-json\/wp\/v2\/comments?post=10647"}],"version-history":[{"count":4,"href":"https:\/\/elconquistadorredloslagos.cl\/test\/wp-json\/wp\/v2\/posts\/10647\/revisions"}],"predecessor-version":[{"id":10694,"href":"https:\/\/elconquistadorredloslagos.cl\/test\/wp-json\/wp\/v2\/posts\/10647\/revisions\/10694"}],"wp:featuredmedia":[{"embeddable":true,"href":"https:\/\/elconquistadorredloslagos.cl\/test\/wp-json\/wp\/v2\/media\/10648"}],"wp:attachment":[{"href":"https:\/\/elconquistadorredloslagos.cl\/test\/wp-json\/wp\/v2\/media?parent=10647"}],"wp:term":[{"taxonomy":"category","embeddable":true,"href":"https:\/\/elconquistadorredloslagos.cl\/test\/wp-json\/wp\/v2\/categories?post=10647"},{"taxonomy":"post_tag","embeddable":true,"href":"https:\/\/elconquistadorredloslagos.cl\/test\/wp-json\/wp\/v2\/tags?post=10647"}],"curies":[{"name":"wp","href":"https:\/\/api.w.org\/{rel}","templated":true}]}}