{"id":10639,"date":"2025-05-23T16:48:44","date_gmt":"2025-05-23T20:48:44","guid":{"rendered":"https:\/\/elconquistadorredloslagos.cl\/test\/?p=10639"},"modified":"2025-05-23T16:53:08","modified_gmt":"2025-05-23T20:53:08","slug":"columna-de-opinion-la-fibromialgia-no-es-la-no-somatizacion-del-estres","status":"publish","type":"post","link":"https:\/\/elconquistadorredloslagos.cl\/test\/blog\/2025\/05\/23\/columna-de-opinion-la-fibromialgia-no-es-la-no-somatizacion-del-estres\/","title":{"rendered":"Columna de Opini\u00f3n: \u00a1La fibromialgia no es la no somatizaci\u00f3n del estr\u00e9s!"},"content":{"rendered":"\n<p>Seg\u00fan la OMS, la fibromialgia es una enfermedad del SNC y perif\u00e9rico, que en la actualidad ha ido en aumento, principalmente en el sexo femenino y que puede presentarse en cualquier edad.<\/p>\n\n\n\n<p>Por definici\u00f3n es un trastorno caracterizado por dolor musculoesquel\u00e9tico generalizado, acompa\u00f1ado de fatiga, problemas del sue\u00f1o, memoria y alteraciones del estado an\u00edmico. En algunos individuos se evidencia la sintomatolog\u00eda de manera inespec\u00edfica. Esto ocurre porque hay \u00e1reas del cerebro que est\u00e1n encargadas de regular la sensaciones y el dolor, que no est\u00e1n funcionando de manera adecuada.<\/p>\n\n\n\n<div class=\"wp-block-media-text is-stacked-on-mobile\"><figure class=\"wp-block-media-text__media\"><img loading=\"lazy\" decoding=\"async\" width=\"738\" height=\"937\" src=\"https:\/\/elconquistadorredloslagos.cl\/test\/wp-content\/uploads\/2025\/05\/WhatsApp-Image-2025-05-14-at-09.17.21.jpeg\" alt=\"\" class=\"wp-image-10640 size-full\" \/><\/figure><div class=\"wp-block-media-text__content\">\n<p>No existe un estudio espec\u00edfico para poder diagnosticarla, y es por ello que los m\u00e9dicos se centran en los s\u00edntomas, adem\u00e1s de los ya se\u00f1alados las personas que la padecen pueden presentar hormigueo en manos y pies, colon irritable, rigidez, depresi\u00f3n y ansiedad cr\u00f3nica.<\/p>\n\n\n\n<p><\/p>\n\n\n\n<p><\/p>\n\n\n\n<p><\/p>\n\n\n\n<p>Mg. M\u00f3nica Guti\u00e9rrez N., acad\u00e9mica de la Escuela de Enfermer\u00eda<\/p>\n<\/div><\/div>\n\n\n\n<p><\/p>\n\n\n\n<p>\u00bfC\u00f3mo se produce? No hay una causa definida, pero se ha determinado su relaci\u00f3n con el aumento de sustancias qu\u00edmicas en el cerebro que transmiten la se\u00f1al de dolor. A veces esto se puede ocasionar por un traumatismo severo, o por el estr\u00e9s cr\u00f3nico, ya que los cambios emocionales severos pueden llegar a afectar la forma en que se comunica el cuerpo con la medula espinal y el cerebro. En menos ocasiones se ha podido relacionar con infecciones o factores gen\u00e9ticos<\/p>\n\n\n\n<p>\u00bfC\u00f3mo se detecta? El m\u00e9dico reumat\u00f3logo hace un examen f\u00edsico minucioso, principalmente para descartar una enfermedad reumatoidea o dolor de origen no muscular.<\/p>\n\n\n\n<p>\u00bfC\u00f3mo se puede tratar? No hay una cura para la causa, por lo que se tratan los s\u00edntomas, que afectan la calidad de vida del paciente, esto principalmente centrado en analg\u00e9sicos, antidepresivos, ansiol\u00edticos y terapia f\u00edsica.<\/p>\n\n\n\n<p>Sin embargo hoy en d\u00eda toma fuerza la medicina complementaria, que aborda al individuo de manera integral, considerando un cambio en el estilo de vida, desde la alimentaci\u00f3n antiinflamatoria, fitoterapia, yoga o pilates, aromaterapia cient\u00edfica, entre otras.<\/p>\n\n\n\n<p>Mi propia experiencia como persona que padece esta patolog\u00eda, ha sido relevante en descubrir el significado de relacionar el cuerpo con las emociones, descubriendo estas terapias complementarias y sobre todo reconocer la calidad de vida que uno lleva cotidianamente, con alta exigencia f\u00edsica y mental, no darnos tiempo para respirar, meditar y hacer cosas que nos gustan \u201cporque no nos alcanza el tiempo\u201d.<\/p>\n\n\n\n<p>La invitaci\u00f3n es para la familia y el entorno directo de los que padecen esta enfermedad, para comprender que no est\u00e1 somatizando el estr\u00e9s, que no se queja de manera exagerada, sino m\u00e1s bien, que cada d\u00eda que se levanta lo hace con esfuerzo y ganas de empezar una nueva vida sin dolor, con la sensaci\u00f3n de haber descansado, con energ\u00eda y motivaci\u00f3n de hacer vivir la vida.<\/p>\n\n\n\n<p>Autor: Mg. M\u00f3nica Guti\u00e9rrez N., Escuela de Enfermer\u00eda.<\/p>\n","protected":false},"excerpt":{"rendered":"<p>Seg\u00fan la OMS, la fibromialgia es una enfermedad del SNC y perif\u00e9rico, que en la actualidad ha ido en aumento, principalmente en el sexo femenino y que puede presentarse en..<\/p>\n","protected":false},"author":7,"featured_media":10643,"comment_status":"closed","ping_status":"open","sticky":false,"template":"","format":"standard","meta":{"footnotes":""},"categories":[1,30],"tags":[],"class_list":["post-10639","post","type-post","status-publish","format-standard","has-post-thumbnail","hentry","category-acontecer","category-opinion"],"rttpg_featured_image_url":{"full":["https:\/\/elconquistadorredloslagos.cl\/test\/wp-content\/uploads\/2025\/05\/columna-fibriomialgia.png",1920,1080,false],"landscape":["https:\/\/elconquistadorredloslagos.cl\/test\/wp-content\/uploads\/2025\/05\/columna-fibriomialgia.png",1920,1080,false],"portraits":["https:\/\/elconquistadorredloslagos.cl\/test\/wp-content\/uploads\/2025\/05\/columna-fibriomialgia.png",1920,1080,false],"thumbnail":["https:\/\/elconquistadorredloslagos.cl\/test\/wp-content\/uploads\/2025\/05\/columna-fibriomialgia-150x150.png",150,150,true],"medium":["https:\/\/elconquistadorredloslagos.cl\/test\/wp-content\/uploads\/2025\/05\/columna-fibriomialgia-300x169.png",300,169,true],"large":["https:\/\/elconquistadorredloslagos.cl\/test\/wp-content\/uploads\/2025\/05\/columna-fibriomialgia-1024x576.png",1024,576,true],"1536x1536":["https:\/\/elconquistadorredloslagos.cl\/test\/wp-content\/uploads\/2025\/05\/columna-fibriomialgia-1536x864.png",1536,864,true],"2048x2048":["https:\/\/elconquistadorredloslagos.cl\/test\/wp-content\/uploads\/2025\/05\/columna-fibriomialgia.png",1920,1080,false]},"rttpg_author":{"display_name":"enzodelahoz1988","author_link":"https:\/\/elconquistadorredloslagos.cl\/test\/blog\/author\/enzodelahoz1988\/"},"rttpg_comment":0,"rttpg_category":"<a href=\"https:\/\/elconquistadorredloslagos.cl\/test\/blog\/category\/actual\/acontecer\/\" rel=\"category tag\">Acontecer<\/a> <a href=\"https:\/\/elconquistadorredloslagos.cl\/test\/blog\/category\/opinion\/\" rel=\"category tag\">Columnas de Opini\u00f3n<\/a>","rttpg_excerpt":"Seg\u00fan la OMS, la fibromialgia es una enfermedad del SNC y perif\u00e9rico, que en la actualidad ha ido en aumento, principalmente en el sexo femenino y que puede presentarse en..","_links":{"self":[{"href":"https:\/\/elconquistadorredloslagos.cl\/test\/wp-json\/wp\/v2\/posts\/10639","targetHints":{"allow":["GET"]}}],"collection":[{"href":"https:\/\/elconquistadorredloslagos.cl\/test\/wp-json\/wp\/v2\/posts"}],"about":[{"href":"https:\/\/elconquistadorredloslagos.cl\/test\/wp-json\/wp\/v2\/types\/post"}],"author":[{"embeddable":true,"href":"https:\/\/elconquistadorredloslagos.cl\/test\/wp-json\/wp\/v2\/users\/7"}],"replies":[{"embeddable":true,"href":"https:\/\/elconquistadorredloslagos.cl\/test\/wp-json\/wp\/v2\/comments?post=10639"}],"version-history":[{"count":2,"href":"https:\/\/elconquistadorredloslagos.cl\/test\/wp-json\/wp\/v2\/posts\/10639\/revisions"}],"predecessor-version":[{"id":10642,"href":"https:\/\/elconquistadorredloslagos.cl\/test\/wp-json\/wp\/v2\/posts\/10639\/revisions\/10642"}],"wp:featuredmedia":[{"embeddable":true,"href":"https:\/\/elconquistadorredloslagos.cl\/test\/wp-json\/wp\/v2\/media\/10643"}],"wp:attachment":[{"href":"https:\/\/elconquistadorredloslagos.cl\/test\/wp-json\/wp\/v2\/media?parent=10639"}],"wp:term":[{"taxonomy":"category","embeddable":true,"href":"https:\/\/elconquistadorredloslagos.cl\/test\/wp-json\/wp\/v2\/categories?post=10639"},{"taxonomy":"post_tag","embeddable":true,"href":"https:\/\/elconquistadorredloslagos.cl\/test\/wp-json\/wp\/v2\/tags?post=10639"}],"curies":[{"name":"wp","href":"https:\/\/api.w.org\/{rel}","templated":true}]}}