{"id":10631,"date":"2025-05-23T16:04:11","date_gmt":"2025-05-23T20:04:11","guid":{"rendered":"https:\/\/elconquistadorredloslagos.cl\/test\/?p=10631"},"modified":"2025-05-23T16:04:12","modified_gmt":"2025-05-23T20:04:12","slug":"panoramas-maly-jorquiera-llega-con-su-encanto-y-ritmo-latino-a-puerto-varas","status":"publish","type":"post","link":"https:\/\/elconquistadorredloslagos.cl\/test\/blog\/2025\/05\/23\/panoramas-maly-jorquiera-llega-con-su-encanto-y-ritmo-latino-a-puerto-varas\/","title":{"rendered":"Panoramas: Maly Jorquiera llega con su encanto y ritmo latino a Puerto Varas"},"content":{"rendered":"\n<h5 class=\"wp-block-heading\"><em>La comediante y panelista de televisi\u00f3n aterriza en la regi\u00f3n con una rutina enfocada en la \u00absalud mental\u00bb y el bienestar interno.<\/em><\/h5>\n\n\n\n<p>Mar\u00eda Paz Jorquiera es una de las personalidades del momento en nuestro pa\u00eds. Con un exitoso presente en estaciones televisivas y en redes sociales, la humorista visitar\u00e1 la capital regional con una imperdible puesta en escena.<\/p>\n\n\n\n<p>La performance de Jorquiera es \u00abcomo la vida misma\u00bb, haciendo referencia a sucesos que son parte de su realidad, tratando de conectar con los espectadores.<br>\u201cEn Puerto Varas voy a llevar una telonera sorpresa, que tiene otra t\u00e9cnica de comedia, as\u00ed que espero que les guste. Despu\u00e9s partiremos con mi stand up, d\u00f3nde hablaremos de situaciones que suceden cotidianamente, del ahora, ayer y ma\u00f1ana. Tiene mucho que ver con mi situaci\u00f3n actual, donde har\u00e9 \u00e9nfasis en la salud mental. Estoy muy \u00abpegada\u00bb con ese tema, hice hartas sesiones de \u00abcoaching\u00bb, as\u00ed que ser\u00e1 una tem\u00e1tica recurrente que a todos de alg\u00fan modo , les har\u00e1 sentido\u00bb, enfatiz\u00f3 Maly.<\/p>\n\n\n\n<p>El 2025 ha estado cargado de novedades para la artista en el \u00e1mbito laboral. Una oportunidad televisiva y el regreso de su emprendimiento multimedia, han marcado sus primeros meses. \u00abEste a\u00f1o me ha tra\u00eddo muy buenas noticias. Hace unas semanas firm\u00e9 contrato con TNT Sports para realizar un estelar con Meli Noto y Camila Campos. Entrevistamos a grandes figuras del deporte, desde un lado m\u00e1s humano. Tambi\u00e9n retom\u00e9 mi podcast \u00abHazte Ver\u00bb, donde hacemos humor y hablamos de la sanidad mental. Han sido meses de mucho crecimiento\u00bb, afirm\u00f3.<\/p>\n\n\n\n<p>La comediante dej\u00f3 realizada la invitaci\u00f3n para que la acompa\u00f1en este s\u00e1bado en el casino de juegos. \u00abInvitar a toda la gente a que est\u00e9 presente en mi show, lo vamos a pasar muy bien, que se dejen sorprender por el texto. La vida est\u00e1 tan compleja, que estas instancias de humor se agradecen, ya sea de parte de la gente, o m\u00eda, concluy\u00f3.<\/p>\n\n\n\n<p>El evento de Maly Jorquiera arrancar\u00e1 este s\u00e1bado 24 de mayo no antes de las 22:00 hrs, en el escenario del restobar Lucky Seven, en Dreams. El acceso es liberado, portando la entrada al casino.<\/p>\n","protected":false},"excerpt":{"rendered":"<p>La comediante y panelista de televisi\u00f3n aterriza en la regi\u00f3n con una rutina enfocada en la \u00absalud mental\u00bb y el bienestar interno. Mar\u00eda Paz Jorquiera es una de las personalidades..<\/p>\n","protected":false},"author":7,"featured_media":10632,"comment_status":"closed","ping_status":"open","sticky":false,"template":"","format":"standard","meta":{"footnotes":""},"categories":[34],"tags":[],"class_list":["post-10631","post","type-post","status-publish","format-standard","has-post-thumbnail","hentry","category-cultura"],"rttpg_featured_image_url":{"full":["https:\/\/elconquistadorredloslagos.cl\/test\/wp-content\/uploads\/2025\/05\/mali-jorquera.png",1920,1080,false],"landscape":["https:\/\/elconquistadorredloslagos.cl\/test\/wp-content\/uploads\/2025\/05\/mali-jorquera.png",1920,1080,false],"portraits":["https:\/\/elconquistadorredloslagos.cl\/test\/wp-content\/uploads\/2025\/05\/mali-jorquera.png",1920,1080,false],"thumbnail":["https:\/\/elconquistadorredloslagos.cl\/test\/wp-content\/uploads\/2025\/05\/mali-jorquera-150x150.png",150,150,true],"medium":["https:\/\/elconquistadorredloslagos.cl\/test\/wp-content\/uploads\/2025\/05\/mali-jorquera-300x169.png",300,169,true],"large":["https:\/\/elconquistadorredloslagos.cl\/test\/wp-content\/uploads\/2025\/05\/mali-jorquera-1024x576.png",1024,576,true],"1536x1536":["https:\/\/elconquistadorredloslagos.cl\/test\/wp-content\/uploads\/2025\/05\/mali-jorquera-1536x864.png",1536,864,true],"2048x2048":["https:\/\/elconquistadorredloslagos.cl\/test\/wp-content\/uploads\/2025\/05\/mali-jorquera.png",1920,1080,false]},"rttpg_author":{"display_name":"enzodelahoz1988","author_link":"https:\/\/elconquistadorredloslagos.cl\/test\/blog\/author\/enzodelahoz1988\/"},"rttpg_comment":0,"rttpg_category":"<a href=\"https:\/\/elconquistadorredloslagos.cl\/test\/blog\/category\/cultura\/\" rel=\"category tag\">Cultural<\/a>","rttpg_excerpt":"La comediante y panelista de televisi\u00f3n aterriza en la regi\u00f3n con una rutina enfocada en la \u00absalud mental\u00bb y el bienestar interno. Mar\u00eda Paz Jorquiera es una de las personalidades..","_links":{"self":[{"href":"https:\/\/elconquistadorredloslagos.cl\/test\/wp-json\/wp\/v2\/posts\/10631","targetHints":{"allow":["GET"]}}],"collection":[{"href":"https:\/\/elconquistadorredloslagos.cl\/test\/wp-json\/wp\/v2\/posts"}],"about":[{"href":"https:\/\/elconquistadorredloslagos.cl\/test\/wp-json\/wp\/v2\/types\/post"}],"author":[{"embeddable":true,"href":"https:\/\/elconquistadorredloslagos.cl\/test\/wp-json\/wp\/v2\/users\/7"}],"replies":[{"embeddable":true,"href":"https:\/\/elconquistadorredloslagos.cl\/test\/wp-json\/wp\/v2\/comments?post=10631"}],"version-history":[{"count":1,"href":"https:\/\/elconquistadorredloslagos.cl\/test\/wp-json\/wp\/v2\/posts\/10631\/revisions"}],"predecessor-version":[{"id":10633,"href":"https:\/\/elconquistadorredloslagos.cl\/test\/wp-json\/wp\/v2\/posts\/10631\/revisions\/10633"}],"wp:featuredmedia":[{"embeddable":true,"href":"https:\/\/elconquistadorredloslagos.cl\/test\/wp-json\/wp\/v2\/media\/10632"}],"wp:attachment":[{"href":"https:\/\/elconquistadorredloslagos.cl\/test\/wp-json\/wp\/v2\/media?parent=10631"}],"wp:term":[{"taxonomy":"category","embeddable":true,"href":"https:\/\/elconquistadorredloslagos.cl\/test\/wp-json\/wp\/v2\/categories?post=10631"},{"taxonomy":"post_tag","embeddable":true,"href":"https:\/\/elconquistadorredloslagos.cl\/test\/wp-json\/wp\/v2\/tags?post=10631"}],"curies":[{"name":"wp","href":"https:\/\/api.w.org\/{rel}","templated":true}]}}