{"id":10628,"date":"2025-05-23T15:07:32","date_gmt":"2025-05-23T19:07:32","guid":{"rendered":"https:\/\/elconquistadorredloslagos.cl\/test\/?p=10628"},"modified":"2025-05-23T15:07:32","modified_gmt":"2025-05-23T19:07:32","slug":"internacional-chilenos-deportados-desde-ee-uu-denuncian-abusos-y-discriminacion-nos-cazaban-por-el-color-de-piel","status":"publish","type":"post","link":"https:\/\/elconquistadorredloslagos.cl\/test\/blog\/2025\/05\/23\/internacional-chilenos-deportados-desde-ee-uu-denuncian-abusos-y-discriminacion-nos-cazaban-por-el-color-de-piel\/","title":{"rendered":"Internacional: chilenos deportados desde EE.UU. denuncian abusos y discriminaci\u00f3n. \u201cNos cazaban por el color de piel\u201d"},"content":{"rendered":"\n<p>Un grupo de 45 chilenos fue deportado desde Estados Unidos y aterriz\u00f3 en el Aeropuerto Arturo Merino Ben\u00edtez pasada la medianoche. Sus familiares y cercanos llegaron al lugar para recibirlos, algunos con gestos de alivio, otros con testimonios cargados de indignaci\u00f3n.<\/p>\n\n\n\n<p>\u201cMe trasladaron a cuatro c\u00e1rceles en tres meses\u201d, cont\u00f3 \u00c1ngel Espinoza a Meganoticias, relatando que al momento de su detenci\u00f3n trabajaba legalmente en una granja en Arkansas. \u201cTen\u00eda permiso laboral, pero me trataron como ilegal\u201d, a\u00f1adi\u00f3. Espinoza fue enf\u00e1tico al denunciar discriminaci\u00f3n racial durante su reclusi\u00f3n: \u201cSi tienes tu piel cafecita o hablas espa\u00f1ol, te llevan. Cazaban latinos por su color\u201d.<\/p>\n\n\n\n<p>Otro de los retornados, Natanael, pas\u00f3 cuatro a\u00f1os trabajando en construcci\u00f3n en EE.UU. y termin\u00f3 detenido durante cuatro meses en un centro migratorio en Alabama. Seg\u00fan relat\u00f3, las redadas no distingu\u00edan estatus migratorio: \u201cEstaban agarrando a todos por igual, tuvieran o no papeles\u201d.<\/p>\n\n\n\n<p>Ambos testimonios coinciden en criticar duramente las pol\u00edticas migratorias aplicadas durante la administraci\u00f3n de Donald Trump, acus\u00e1ndolas de persecuci\u00f3n racial sistem\u00e1tica.<\/p>\n\n\n\n<p><\/p>\n","protected":false},"excerpt":{"rendered":"<p>Un grupo de 45 chilenos fue deportado desde Estados Unidos y aterriz\u00f3 en el Aeropuerto Arturo Merino Ben\u00edtez pasada la medianoche. Sus familiares y cercanos llegaron al lugar para recibirlos,..<\/p>\n","protected":false},"author":2,"featured_media":10629,"comment_status":"closed","ping_status":"open","sticky":false,"template":"","format":"standard","meta":{"footnotes":""},"categories":[1,28,53],"tags":[],"class_list":["post-10628","post","type-post","status-publish","format-standard","has-post-thumbnail","hentry","category-acontecer","category-actual","category-mundo"],"rttpg_featured_image_url":{"full":["https:\/\/elconquistadorredloslagos.cl\/test\/wp-content\/uploads\/2025\/05\/IMG-93.jpg",1920,1080,false],"landscape":["https:\/\/elconquistadorredloslagos.cl\/test\/wp-content\/uploads\/2025\/05\/IMG-93.jpg",1920,1080,false],"portraits":["https:\/\/elconquistadorredloslagos.cl\/test\/wp-content\/uploads\/2025\/05\/IMG-93.jpg",1920,1080,false],"thumbnail":["https:\/\/elconquistadorredloslagos.cl\/test\/wp-content\/uploads\/2025\/05\/IMG-93-150x150.jpg",150,150,true],"medium":["https:\/\/elconquistadorredloslagos.cl\/test\/wp-content\/uploads\/2025\/05\/IMG-93-300x169.jpg",300,169,true],"large":["https:\/\/elconquistadorredloslagos.cl\/test\/wp-content\/uploads\/2025\/05\/IMG-93-1024x576.jpg",1024,576,true],"1536x1536":["https:\/\/elconquistadorredloslagos.cl\/test\/wp-content\/uploads\/2025\/05\/IMG-93-1536x864.jpg",1536,864,true],"2048x2048":["https:\/\/elconquistadorredloslagos.cl\/test\/wp-content\/uploads\/2025\/05\/IMG-93.jpg",1920,1080,false]},"rttpg_author":{"display_name":"ccardenas","author_link":"https:\/\/elconquistadorredloslagos.cl\/test\/blog\/author\/ccardenas\/"},"rttpg_comment":0,"rttpg_category":"<a href=\"https:\/\/elconquistadorredloslagos.cl\/test\/blog\/category\/actual\/acontecer\/\" rel=\"category tag\">Acontecer<\/a> <a href=\"https:\/\/elconquistadorredloslagos.cl\/test\/blog\/category\/actual\/\" rel=\"category tag\">Actualidad<\/a> <a href=\"https:\/\/elconquistadorredloslagos.cl\/test\/blog\/category\/mundo\/\" rel=\"category tag\">Internacional<\/a>","rttpg_excerpt":"Un grupo de 45 chilenos fue deportado desde Estados Unidos y aterriz\u00f3 en el Aeropuerto Arturo Merino Ben\u00edtez pasada la medianoche. Sus familiares y cercanos llegaron al lugar para recibirlos,..","_links":{"self":[{"href":"https:\/\/elconquistadorredloslagos.cl\/test\/wp-json\/wp\/v2\/posts\/10628","targetHints":{"allow":["GET"]}}],"collection":[{"href":"https:\/\/elconquistadorredloslagos.cl\/test\/wp-json\/wp\/v2\/posts"}],"about":[{"href":"https:\/\/elconquistadorredloslagos.cl\/test\/wp-json\/wp\/v2\/types\/post"}],"author":[{"embeddable":true,"href":"https:\/\/elconquistadorredloslagos.cl\/test\/wp-json\/wp\/v2\/users\/2"}],"replies":[{"embeddable":true,"href":"https:\/\/elconquistadorredloslagos.cl\/test\/wp-json\/wp\/v2\/comments?post=10628"}],"version-history":[{"count":1,"href":"https:\/\/elconquistadorredloslagos.cl\/test\/wp-json\/wp\/v2\/posts\/10628\/revisions"}],"predecessor-version":[{"id":10630,"href":"https:\/\/elconquistadorredloslagos.cl\/test\/wp-json\/wp\/v2\/posts\/10628\/revisions\/10630"}],"wp:featuredmedia":[{"embeddable":true,"href":"https:\/\/elconquistadorredloslagos.cl\/test\/wp-json\/wp\/v2\/media\/10629"}],"wp:attachment":[{"href":"https:\/\/elconquistadorredloslagos.cl\/test\/wp-json\/wp\/v2\/media?parent=10628"}],"wp:term":[{"taxonomy":"category","embeddable":true,"href":"https:\/\/elconquistadorredloslagos.cl\/test\/wp-json\/wp\/v2\/categories?post=10628"},{"taxonomy":"post_tag","embeddable":true,"href":"https:\/\/elconquistadorredloslagos.cl\/test\/wp-json\/wp\/v2\/tags?post=10628"}],"curies":[{"name":"wp","href":"https:\/\/api.w.org\/{rel}","templated":true}]}}