{"id":10623,"date":"2025-05-23T15:00:48","date_gmt":"2025-05-23T19:00:48","guid":{"rendered":"https:\/\/elconquistadorredloslagos.cl\/test\/?p=10623"},"modified":"2025-05-26T14:37:28","modified_gmt":"2025-05-26T18:37:28","slug":"en-junio-comenzara-el-funcionamiento-del-policlinico-de-especialidades-del-nuevo-hospital-de-quellon","status":"publish","type":"post","link":"https:\/\/elconquistadorredloslagos.cl\/test\/blog\/2025\/05\/23\/en-junio-comenzara-el-funcionamiento-del-policlinico-de-especialidades-del-nuevo-hospital-de-quellon\/","title":{"rendered":"En junio comenzar\u00e1 el funcionamiento del Policl\u00ednico de Especialidades del Nuevo Hospital de Quell\u00f3n"},"content":{"rendered":"\n<p>El pr\u00f3ximo 2 de junio se dar\u00e1 inicio a las atenciones del Policl\u00ednico de Especialidades, tambi\u00e9n denominado Consultorio Adosado de Especialidades (CAE), en el Nuevo Hospital de Quell\u00f3n, lo anterior como primera etapa del Plan de Apertura Parcializada del nuevo establecimiento.<\/p>\n\n\n\n<p>As\u00ed lo oficializ\u00f3 la directora del Servicio de Salud Chilo\u00e9, Marcela C\u00e1rcamo tras finalizar la reuni\u00f3n de coordinaci\u00f3n de Puesta en Marcha del Nuevo Hospital de Quell\u00f3n.<\/p>\n\n\n\n<figure class=\"wp-block-embed is-type-rich is-provider-gestor-del-servicio wp-block-embed-gestor-del-servicio\"><div class=\"wp-block-embed__wrapper\">\n<div style=\"width: 640px;\" class=\"wp-video\"><video class=\"wp-video-shortcode\" id=\"video-10623-1\" width=\"640\" height=\"360\" preload=\"metadata\" controls=\"controls\"><source type=\"video\/mp4\" src=\"https:\/\/elconquistadorredloslagos.cl\/test\/md\/1marcelacarcamo.mp4?_=1\" \/><a href=\"https:\/\/elconquistadorredloslagos.cl\/test\/md\/1marcelacarcamo.mp4\">https:\/\/elconquistadorredloslagos.cl\/test\/md\/1marcelacarcamo.mp4<\/a><\/video><\/div>\n<\/div><\/figure>\n\n\n\n<p>En ese sentido, el doctor H\u00e9ctor Maldonado, subdirector m\u00e9dico del Hospital de Quell\u00f3n, entreg\u00f3 detalles sobre las prestaciones que comenzar\u00e1n a entregarse en el nuevo recinto.<\/p>\n\n\n\n<figure class=\"wp-block-embed is-type-rich is-provider-gestor-del-servicio wp-block-embed-gestor-del-servicio\"><div class=\"wp-block-embed__wrapper\">\n<div style=\"width: 640px;\" class=\"wp-video\"><video class=\"wp-video-shortcode\" id=\"video-10623-2\" width=\"640\" height=\"360\" preload=\"metadata\" controls=\"controls\"><source type=\"video\/mp4\" src=\"https:\/\/elconquistadorredloslagos.cl\/test\/md\/1hectormaldonado.mp4?_=2\" \/><a href=\"https:\/\/elconquistadorredloslagos.cl\/test\/md\/1hectormaldonado.mp4\">https:\/\/elconquistadorredloslagos.cl\/test\/md\/1hectormaldonado.mp4<\/a><\/video><\/div>\n<\/div><\/figure>\n\n\n\n<p>Finalmente el director del Hospital de Quell\u00f3n, Francisco Camilo D\u00edaz enfatiz\u00f3 que las atenciones como Urgencia o Medicina se mantendr\u00e1n funcionando en el hospital actual.<\/p>\n\n\n\n<figure class=\"wp-block-embed is-type-rich is-provider-gestor-del-servicio wp-block-embed-gestor-del-servicio\"><div class=\"wp-block-embed__wrapper\">\n<div style=\"width: 640px;\" class=\"wp-video\"><video class=\"wp-video-shortcode\" id=\"video-10623-3\" width=\"640\" height=\"360\" preload=\"metadata\" controls=\"controls\"><source type=\"video\/mp4\" src=\"https:\/\/elconquistadorredloslagos.cl\/test\/md\/1franciscocamilo.mp4?_=3\" \/><a href=\"https:\/\/elconquistadorredloslagos.cl\/test\/md\/1franciscocamilo.mp4\">https:\/\/elconquistadorredloslagos.cl\/test\/md\/1franciscocamilo.mp4<\/a><\/video><\/div>\n<\/div><\/figure>\n\n\n\n<p>Consultas de medicina general, medicina interna, neurolog\u00eda, pediatr\u00eda, psiquiatr\u00eda, atenciones de nutrici\u00f3n, matroner\u00eda y salud mental, adem\u00e1s de las unidades de apoyo diagn\u00f3stico como farmacia de atenci\u00f3n ambulatoria y vacunatorio, son parte de las atenciones que comenzar\u00e1n desde el 2 de junio, en el segundo piso del moderno centro asistencial.<\/p>\n\n\n\n<p>Cabe destacar que el plan de implementaci\u00f3n de apertura parcializada del nuevo recinto hospitalario forma parte del compromiso del Servicio de Salud Chilo\u00e9 y el Hospital de Quell\u00f3n para brindar una atenci\u00f3n de calidad a la comunidad, en el nuevo edificio que supera en seis veces el espacio actual y que beneficiar\u00e1 a los m\u00e1s de 30 mil habitantes de Quell\u00f3n y sus alrededores.<\/p>\n","protected":false},"excerpt":{"rendered":"<p>El pr\u00f3ximo 2 de junio se dar\u00e1 inicio a las atenciones del Policl\u00ednico de Especialidades, tambi\u00e9n denominado Consultorio Adosado de Especialidades (CAE), en el Nuevo Hospital de Quell\u00f3n, lo anterior..<\/p>\n","protected":false},"author":2,"featured_media":10625,"comment_status":"closed","ping_status":"open","sticky":false,"template":"","format":"standard","meta":{"footnotes":""},"categories":[1,28,51],"tags":[],"class_list":["post-10623","post","type-post","status-publish","format-standard","has-post-thumbnail","hentry","category-acontecer","category-actual","category-chiloe"],"rttpg_featured_image_url":{"full":["https:\/\/elconquistadorredloslagos.cl\/test\/wp-content\/uploads\/2025\/05\/IMG-92.jpg",1920,1080,false],"landscape":["https:\/\/elconquistadorredloslagos.cl\/test\/wp-content\/uploads\/2025\/05\/IMG-92.jpg",1920,1080,false],"portraits":["https:\/\/elconquistadorredloslagos.cl\/test\/wp-content\/uploads\/2025\/05\/IMG-92.jpg",1920,1080,false],"thumbnail":["https:\/\/elconquistadorredloslagos.cl\/test\/wp-content\/uploads\/2025\/05\/IMG-92-150x150.jpg",150,150,true],"medium":["https:\/\/elconquistadorredloslagos.cl\/test\/wp-content\/uploads\/2025\/05\/IMG-92-300x169.jpg",300,169,true],"large":["https:\/\/elconquistadorredloslagos.cl\/test\/wp-content\/uploads\/2025\/05\/IMG-92-1024x576.jpg",1024,576,true],"1536x1536":["https:\/\/elconquistadorredloslagos.cl\/test\/wp-content\/uploads\/2025\/05\/IMG-92-1536x864.jpg",1536,864,true],"2048x2048":["https:\/\/elconquistadorredloslagos.cl\/test\/wp-content\/uploads\/2025\/05\/IMG-92.jpg",1920,1080,false]},"rttpg_author":{"display_name":"ccardenas","author_link":"https:\/\/elconquistadorredloslagos.cl\/test\/blog\/author\/ccardenas\/"},"rttpg_comment":0,"rttpg_category":"<a href=\"https:\/\/elconquistadorredloslagos.cl\/test\/blog\/category\/actual\/acontecer\/\" rel=\"category tag\">Acontecer<\/a> <a href=\"https:\/\/elconquistadorredloslagos.cl\/test\/blog\/category\/actual\/\" rel=\"category tag\">Actualidad<\/a> <a href=\"https:\/\/elconquistadorredloslagos.cl\/test\/blog\/category\/chile\/chiloe\/\" rel=\"category tag\">Chilo\u00e9<\/a>","rttpg_excerpt":"El pr\u00f3ximo 2 de junio se dar\u00e1 inicio a las atenciones del Policl\u00ednico de Especialidades, tambi\u00e9n denominado Consultorio Adosado de Especialidades (CAE), en el Nuevo Hospital de Quell\u00f3n, lo anterior..","_links":{"self":[{"href":"https:\/\/elconquistadorredloslagos.cl\/test\/wp-json\/wp\/v2\/posts\/10623","targetHints":{"allow":["GET"]}}],"collection":[{"href":"https:\/\/elconquistadorredloslagos.cl\/test\/wp-json\/wp\/v2\/posts"}],"about":[{"href":"https:\/\/elconquistadorredloslagos.cl\/test\/wp-json\/wp\/v2\/types\/post"}],"author":[{"embeddable":true,"href":"https:\/\/elconquistadorredloslagos.cl\/test\/wp-json\/wp\/v2\/users\/2"}],"replies":[{"embeddable":true,"href":"https:\/\/elconquistadorredloslagos.cl\/test\/wp-json\/wp\/v2\/comments?post=10623"}],"version-history":[{"count":2,"href":"https:\/\/elconquistadorredloslagos.cl\/test\/wp-json\/wp\/v2\/posts\/10623\/revisions"}],"predecessor-version":[{"id":10703,"href":"https:\/\/elconquistadorredloslagos.cl\/test\/wp-json\/wp\/v2\/posts\/10623\/revisions\/10703"}],"wp:featuredmedia":[{"embeddable":true,"href":"https:\/\/elconquistadorredloslagos.cl\/test\/wp-json\/wp\/v2\/media\/10625"}],"wp:attachment":[{"href":"https:\/\/elconquistadorredloslagos.cl\/test\/wp-json\/wp\/v2\/media?parent=10623"}],"wp:term":[{"taxonomy":"category","embeddable":true,"href":"https:\/\/elconquistadorredloslagos.cl\/test\/wp-json\/wp\/v2\/categories?post=10623"},{"taxonomy":"post_tag","embeddable":true,"href":"https:\/\/elconquistadorredloslagos.cl\/test\/wp-json\/wp\/v2\/tags?post=10623"}],"curies":[{"name":"wp","href":"https:\/\/api.w.org\/{rel}","templated":true}]}}