{"id":10620,"date":"2025-05-23T14:14:17","date_gmt":"2025-05-23T18:14:17","guid":{"rendered":"https:\/\/elconquistadorredloslagos.cl\/test\/?p=10620"},"modified":"2025-05-23T14:14:18","modified_gmt":"2025-05-23T18:14:18","slug":"exalcalde-de-puerto-montt-gervoy-paredes-dejara-la-carcel-tras-siete-meses-en-prision-preventiva","status":"publish","type":"post","link":"https:\/\/elconquistadorredloslagos.cl\/test\/blog\/2025\/05\/23\/exalcalde-de-puerto-montt-gervoy-paredes-dejara-la-carcel-tras-siete-meses-en-prision-preventiva\/","title":{"rendered":"Exalcalde de Puerto Montt Gervoy Paredes dejar\u00e1 la c\u00e1rcel tras siete meses en prisi\u00f3n preventiva"},"content":{"rendered":"\n<p>El Juzgado de Garant\u00eda de Puerto Montt resolvi\u00f3 este viernes sustituir la prisi\u00f3n preventiva del exalcalde Gervoy Paredes por arresto domiciliario total, tras siete meses recluido por delitos de corrupci\u00f3n. La medida fue adoptada en una audiencia de revisi\u00f3n de cautelares que se extendi\u00f3 por casi tres horas, pese a la oposici\u00f3n de la Fiscal\u00eda y los querellantes.<\/p>\n\n\n\n<p>Desde el pasado 23 de octubre, Paredes se encontraba en prisi\u00f3n preventiva tras ser formalizado por fraude al fisco, lavado de activos, incremento patrimonial injustificado y cohecho. Adem\u00e1s del arresto domiciliario, el tribunal impuso arraigo nacional junto a la prohibici\u00f3n de contacto con los otros imputados en la causa.<\/p>\n\n\n\n<p>El juez justific\u00f3 el cambio de medida cautelar en el fuerte arraigo del imputado con Puerto Montt y la inexistencia de riesgo para la investigaci\u00f3n, dado que ya no ejerce funciones p\u00fablicas. Paredes es investigado por un presunto enriquecimiento injustificado que ascender\u00eda a los 214 millones de la moneda nacional.<\/p>\n\n\n\n<p>\ud83d\udcf7 Redes sociales<\/p>\n","protected":false},"excerpt":{"rendered":"<p>El Juzgado de Garant\u00eda de Puerto Montt resolvi\u00f3 este viernes sustituir la prisi\u00f3n preventiva del exalcalde Gervoy Paredes por arresto domiciliario total, tras siete meses recluido por delitos de corrupci\u00f3n&#8230;<\/p>\n","protected":false},"author":2,"featured_media":10621,"comment_status":"closed","ping_status":"open","sticky":false,"template":"","format":"standard","meta":{"footnotes":""},"categories":[1,28,38,56],"tags":[],"class_list":["post-10620","post","type-post","status-publish","format-standard","has-post-thumbnail","hentry","category-acontecer","category-actual","category-politica","category-puerto-montt"],"rttpg_featured_image_url":{"full":["https:\/\/elconquistadorredloslagos.cl\/test\/wp-content\/uploads\/2025\/05\/IMG-91.jpg",1920,1080,false],"landscape":["https:\/\/elconquistadorredloslagos.cl\/test\/wp-content\/uploads\/2025\/05\/IMG-91.jpg",1920,1080,false],"portraits":["https:\/\/elconquistadorredloslagos.cl\/test\/wp-content\/uploads\/2025\/05\/IMG-91.jpg",1920,1080,false],"thumbnail":["https:\/\/elconquistadorredloslagos.cl\/test\/wp-content\/uploads\/2025\/05\/IMG-91-150x150.jpg",150,150,true],"medium":["https:\/\/elconquistadorredloslagos.cl\/test\/wp-content\/uploads\/2025\/05\/IMG-91-300x169.jpg",300,169,true],"large":["https:\/\/elconquistadorredloslagos.cl\/test\/wp-content\/uploads\/2025\/05\/IMG-91-1024x576.jpg",1024,576,true],"1536x1536":["https:\/\/elconquistadorredloslagos.cl\/test\/wp-content\/uploads\/2025\/05\/IMG-91-1536x864.jpg",1536,864,true],"2048x2048":["https:\/\/elconquistadorredloslagos.cl\/test\/wp-content\/uploads\/2025\/05\/IMG-91.jpg",1920,1080,false]},"rttpg_author":{"display_name":"ccardenas","author_link":"https:\/\/elconquistadorredloslagos.cl\/test\/blog\/author\/ccardenas\/"},"rttpg_comment":0,"rttpg_category":"<a href=\"https:\/\/elconquistadorredloslagos.cl\/test\/blog\/category\/actual\/acontecer\/\" rel=\"category tag\">Acontecer<\/a> <a href=\"https:\/\/elconquistadorredloslagos.cl\/test\/blog\/category\/actual\/\" rel=\"category tag\">Actualidad<\/a> <a href=\"https:\/\/elconquistadorredloslagos.cl\/test\/blog\/category\/actual\/politica\/\" rel=\"category tag\">Politica<\/a> <a href=\"https:\/\/elconquistadorredloslagos.cl\/test\/blog\/category\/chile\/puerto-montt\/\" rel=\"category tag\">Puerto Montt<\/a>","rttpg_excerpt":"El Juzgado de Garant\u00eda de Puerto Montt resolvi\u00f3 este viernes sustituir la prisi\u00f3n preventiva del exalcalde Gervoy Paredes por arresto domiciliario total, tras siete meses recluido por delitos de corrupci\u00f3n...","_links":{"self":[{"href":"https:\/\/elconquistadorredloslagos.cl\/test\/wp-json\/wp\/v2\/posts\/10620","targetHints":{"allow":["GET"]}}],"collection":[{"href":"https:\/\/elconquistadorredloslagos.cl\/test\/wp-json\/wp\/v2\/posts"}],"about":[{"href":"https:\/\/elconquistadorredloslagos.cl\/test\/wp-json\/wp\/v2\/types\/post"}],"author":[{"embeddable":true,"href":"https:\/\/elconquistadorredloslagos.cl\/test\/wp-json\/wp\/v2\/users\/2"}],"replies":[{"embeddable":true,"href":"https:\/\/elconquistadorredloslagos.cl\/test\/wp-json\/wp\/v2\/comments?post=10620"}],"version-history":[{"count":1,"href":"https:\/\/elconquistadorredloslagos.cl\/test\/wp-json\/wp\/v2\/posts\/10620\/revisions"}],"predecessor-version":[{"id":10622,"href":"https:\/\/elconquistadorredloslagos.cl\/test\/wp-json\/wp\/v2\/posts\/10620\/revisions\/10622"}],"wp:featuredmedia":[{"embeddable":true,"href":"https:\/\/elconquistadorredloslagos.cl\/test\/wp-json\/wp\/v2\/media\/10621"}],"wp:attachment":[{"href":"https:\/\/elconquistadorredloslagos.cl\/test\/wp-json\/wp\/v2\/media?parent=10620"}],"wp:term":[{"taxonomy":"category","embeddable":true,"href":"https:\/\/elconquistadorredloslagos.cl\/test\/wp-json\/wp\/v2\/categories?post=10620"},{"taxonomy":"post_tag","embeddable":true,"href":"https:\/\/elconquistadorredloslagos.cl\/test\/wp-json\/wp\/v2\/tags?post=10620"}],"curies":[{"name":"wp","href":"https:\/\/api.w.org\/{rel}","templated":true}]}}