{"id":10611,"date":"2025-05-23T12:10:51","date_gmt":"2025-05-23T16:10:51","guid":{"rendered":"https:\/\/elconquistadorredloslagos.cl\/test\/?p=10611"},"modified":"2025-05-23T12:10:51","modified_gmt":"2025-05-23T16:10:51","slug":"ancud-honra-las-glorias-navales-el-zarpe-de-la-goleta-ancud-y-el-recuerdo-del-terremoto-de-1960","status":"publish","type":"post","link":"https:\/\/elconquistadorredloslagos.cl\/test\/blog\/2025\/05\/23\/ancud-honra-las-glorias-navales-el-zarpe-de-la-goleta-ancud-y-el-recuerdo-del-terremoto-de-1960\/","title":{"rendered":"Ancud honra las Glorias Navales, el zarpe de la Goleta Ancud y el recuerdo del terremoto de 1960"},"content":{"rendered":"\n<p>Este 22 de mayo, la comuna de Ancud vivi\u00f3 una emotiva jornada en homenaje a hitos clave de su historia: las Glorias Navales, el zarpe de la Goleta Ancud y el devastador terremoto y maremoto de 1960.<\/p>\n\n\n\n<p>La ceremonia central se desarroll\u00f3 en la costanera, donde la Armada, Carabineros y estudiantes de 11 colegios participaron en un desfile c\u00edvico-militar acompa\u00f1ado por las bandas Instrumental El Despertar, la Escuela de Formaci\u00f3n de Carabineros (ESFOCAR) y el Colegio Chilo\u00e9.<\/p>\n\n\n\n<p>El alcalde Andr\u00e9s Ojeda destac\u00f3 la valent\u00eda de la tripulaci\u00f3n de la Esmeralda, entre ellos cinco ancuditanos, en la gesta heroica liderada por Arturo Prat. Adem\u00e1s, resalt\u00f3 la importancia del zarpe de la Goleta Ancud hacia Magallanes, evento que se conmemora como s\u00edmbolo de la conexi\u00f3n austral del pa\u00eds. Junto con ello, el edil tambi\u00e9n relev\u00f3 la figura del Cabo Jos\u00e9 Vergara D\u00edaz, quien en medio del terremoto y maremoto de 1960, fue en ayuda de la gente que se encontraba en las embarcaciones y de otros que hab\u00edan sido arrastrados desde sus casas en la costa. <\/p>\n\n\n\n<figure class=\"wp-block-audio\"><audio controls src=\"https:\/\/elconquistadorredloslagos.cl\/test\/wp-content\/uploads\/2025\/05\/ANDRES-OJEDA-1.mp3\"><\/audio><\/figure>\n\n\n\n<p>Precisamente, en recuerdo del terremoto de 1960, que golpe\u00f3 severamente a Ancud, se rindi\u00f3 homenaje con una ofrenda floral al mar, tradici\u00f3n mantenida por la poblaci\u00f3n In\u00e9s de Baz\u00e1n. En la ceremonia se reconoci\u00f3 tambi\u00e9n a las juntas de vecinos In\u00e9s de Baz\u00e1n y 22 de Mayo, y al artista Ren\u00e9 Lorca Barrientos por su r\u00e9plica met\u00e1lica de la Goleta Ancud.<\/p>\n\n\n\n<figure class=\"wp-block-audio\"><audio controls src=\"https:\/\/elconquistadorredloslagos.cl\/test\/wp-content\/uploads\/2025\/05\/ANDRES-OJEDA-2.mp3\"><\/audio><\/figure>\n\n\n\n<p>Sobrevivientes y dirigentes vecinales, como \u00d3scar Andrade y Jos\u00e9 Ruiz, compartieron sus recuerdos y la importancia de mantener viva la memoria colectiva. La jornada culmin\u00f3 con la inauguraci\u00f3n de la exposici\u00f3n naval en la Casa de la Cultura y un acto en el Teatro Municipal Mauricio de la Parra, donde se destac\u00f3 la relevancia hist\u00f3rica de estas conmemoraciones para toda la regi\u00f3n y el pa\u00eds.<\/p>\n\n\n\n<p>\ud83d\udcf7 <a href=\"https:\/\/www.facebook.com\/culturaancud?__tn__=-UC*F\">Corporacion Cultural Ancud<\/a> &#8211; Facebook<\/p>\n","protected":false},"excerpt":{"rendered":"<p>Este 22 de mayo, la comuna de Ancud vivi\u00f3 una emotiva jornada en homenaje a hitos clave de su historia: las Glorias Navales, el zarpe de la Goleta Ancud y..<\/p>\n","protected":false},"author":2,"featured_media":10614,"comment_status":"closed","ping_status":"open","sticky":false,"template":"","format":"standard","meta":{"footnotes":""},"categories":[1,28,51],"tags":[],"class_list":["post-10611","post","type-post","status-publish","format-standard","has-post-thumbnail","hentry","category-acontecer","category-actual","category-chiloe"],"rttpg_featured_image_url":{"full":["https:\/\/elconquistadorredloslagos.cl\/test\/wp-content\/uploads\/2025\/05\/IMG-89.jpg",1920,1080,false],"landscape":["https:\/\/elconquistadorredloslagos.cl\/test\/wp-content\/uploads\/2025\/05\/IMG-89.jpg",1920,1080,false],"portraits":["https:\/\/elconquistadorredloslagos.cl\/test\/wp-content\/uploads\/2025\/05\/IMG-89.jpg",1920,1080,false],"thumbnail":["https:\/\/elconquistadorredloslagos.cl\/test\/wp-content\/uploads\/2025\/05\/IMG-89-150x150.jpg",150,150,true],"medium":["https:\/\/elconquistadorredloslagos.cl\/test\/wp-content\/uploads\/2025\/05\/IMG-89-300x169.jpg",300,169,true],"large":["https:\/\/elconquistadorredloslagos.cl\/test\/wp-content\/uploads\/2025\/05\/IMG-89-1024x576.jpg",1024,576,true],"1536x1536":["https:\/\/elconquistadorredloslagos.cl\/test\/wp-content\/uploads\/2025\/05\/IMG-89-1536x864.jpg",1536,864,true],"2048x2048":["https:\/\/elconquistadorredloslagos.cl\/test\/wp-content\/uploads\/2025\/05\/IMG-89.jpg",1920,1080,false]},"rttpg_author":{"display_name":"ccardenas","author_link":"https:\/\/elconquistadorredloslagos.cl\/test\/blog\/author\/ccardenas\/"},"rttpg_comment":0,"rttpg_category":"<a href=\"https:\/\/elconquistadorredloslagos.cl\/test\/blog\/category\/actual\/acontecer\/\" rel=\"category tag\">Acontecer<\/a> <a href=\"https:\/\/elconquistadorredloslagos.cl\/test\/blog\/category\/actual\/\" rel=\"category tag\">Actualidad<\/a> <a href=\"https:\/\/elconquistadorredloslagos.cl\/test\/blog\/category\/chile\/chiloe\/\" rel=\"category tag\">Chilo\u00e9<\/a>","rttpg_excerpt":"Este 22 de mayo, la comuna de Ancud vivi\u00f3 una emotiva jornada en homenaje a hitos clave de su historia: las Glorias Navales, el zarpe de la Goleta Ancud y..","_links":{"self":[{"href":"https:\/\/elconquistadorredloslagos.cl\/test\/wp-json\/wp\/v2\/posts\/10611","targetHints":{"allow":["GET"]}}],"collection":[{"href":"https:\/\/elconquistadorredloslagos.cl\/test\/wp-json\/wp\/v2\/posts"}],"about":[{"href":"https:\/\/elconquistadorredloslagos.cl\/test\/wp-json\/wp\/v2\/types\/post"}],"author":[{"embeddable":true,"href":"https:\/\/elconquistadorredloslagos.cl\/test\/wp-json\/wp\/v2\/users\/2"}],"replies":[{"embeddable":true,"href":"https:\/\/elconquistadorredloslagos.cl\/test\/wp-json\/wp\/v2\/comments?post=10611"}],"version-history":[{"count":1,"href":"https:\/\/elconquistadorredloslagos.cl\/test\/wp-json\/wp\/v2\/posts\/10611\/revisions"}],"predecessor-version":[{"id":10615,"href":"https:\/\/elconquistadorredloslagos.cl\/test\/wp-json\/wp\/v2\/posts\/10611\/revisions\/10615"}],"wp:featuredmedia":[{"embeddable":true,"href":"https:\/\/elconquistadorredloslagos.cl\/test\/wp-json\/wp\/v2\/media\/10614"}],"wp:attachment":[{"href":"https:\/\/elconquistadorredloslagos.cl\/test\/wp-json\/wp\/v2\/media?parent=10611"}],"wp:term":[{"taxonomy":"category","embeddable":true,"href":"https:\/\/elconquistadorredloslagos.cl\/test\/wp-json\/wp\/v2\/categories?post=10611"},{"taxonomy":"post_tag","embeddable":true,"href":"https:\/\/elconquistadorredloslagos.cl\/test\/wp-json\/wp\/v2\/tags?post=10611"}],"curies":[{"name":"wp","href":"https:\/\/api.w.org\/{rel}","templated":true}]}}