{"id":10606,"date":"2025-05-23T11:23:11","date_gmt":"2025-05-23T15:23:11","guid":{"rendered":"https:\/\/elconquistadorredloslagos.cl\/test\/?p=10606"},"modified":"2025-05-23T16:12:29","modified_gmt":"2025-05-23T20:12:29","slug":"detienen-a-hombre-tras-femicidio-y-agresion-en-la-comuna-de-calbuco","status":"publish","type":"post","link":"https:\/\/elconquistadorredloslagos.cl\/test\/blog\/2025\/05\/23\/detienen-a-hombre-tras-femicidio-y-agresion-en-la-comuna-de-calbuco\/","title":{"rendered":"Detienen a hombre tras femicidio y agresi\u00f3n en la comuna de Calbuco"},"content":{"rendered":"\n<p>La ma\u00f1ana de este viernes 23 de mayo, Carabineros de la Cuarta Comisar\u00eda de Calbuco arrest\u00f3 a un hombre de 62 a\u00f1os, identificado con las iniciales M.A.C., acusado de ser el autor de un femicidio en la comuna. La detenci\u00f3n se realiz\u00f3 en el sector La Campana, Putenio Alto, tras una intensa b\u00fasqueda.<\/p>\n\n\n\n<p>El cuerpo sin vida de la mujer fue encontrado en el patio de su vivienda, lo que moviliz\u00f3 a las polic\u00edas a iniciar la investigaci\u00f3n y la captura del sospechoso, quien era expareja de la v\u00edctima.<\/p>\n\n\n\n<p>Adem\u00e1s, en el mismo incidente una prima de la mujer fallecida result\u00f3 gravemente herida luego de intervenir para defenderla. Actualmente, se encuentra hospitalizada en Puerto Montt.<\/p>\n\n\n\n<p>Seg\u00fan los primeros antecedentes, la agresi\u00f3n fue perpetrada por el mismo individuo en circunstancias similares. La Fiscal\u00eda y Carabineros contin\u00faan con las diligencias para esclarecer los hechos y llevar al responsable ante la justicia.<\/p>\n\n\n\n<p>\ud83d\udcf7 Referencial<\/p>\n","protected":false},"excerpt":{"rendered":"<p>La ma\u00f1ana de este viernes 23 de mayo, Carabineros de la Cuarta Comisar\u00eda de Calbuco arrest\u00f3 a un hombre de 62 a\u00f1os, identificado con las iniciales M.A.C., acusado de ser..<\/p>\n","protected":false},"author":2,"featured_media":10608,"comment_status":"closed","ping_status":"open","sticky":false,"template":"","format":"standard","meta":{"footnotes":""},"categories":[1,28],"tags":[],"class_list":["post-10606","post","type-post","status-publish","format-standard","has-post-thumbnail","hentry","category-acontecer","category-actual"],"rttpg_featured_image_url":{"full":["https:\/\/elconquistadorredloslagos.cl\/test\/wp-content\/uploads\/2025\/05\/IMG-88.jpg",1920,1080,false],"landscape":["https:\/\/elconquistadorredloslagos.cl\/test\/wp-content\/uploads\/2025\/05\/IMG-88.jpg",1920,1080,false],"portraits":["https:\/\/elconquistadorredloslagos.cl\/test\/wp-content\/uploads\/2025\/05\/IMG-88.jpg",1920,1080,false],"thumbnail":["https:\/\/elconquistadorredloslagos.cl\/test\/wp-content\/uploads\/2025\/05\/IMG-88-150x150.jpg",150,150,true],"medium":["https:\/\/elconquistadorredloslagos.cl\/test\/wp-content\/uploads\/2025\/05\/IMG-88-300x169.jpg",300,169,true],"large":["https:\/\/elconquistadorredloslagos.cl\/test\/wp-content\/uploads\/2025\/05\/IMG-88-1024x576.jpg",1024,576,true],"1536x1536":["https:\/\/elconquistadorredloslagos.cl\/test\/wp-content\/uploads\/2025\/05\/IMG-88-1536x864.jpg",1536,864,true],"2048x2048":["https:\/\/elconquistadorredloslagos.cl\/test\/wp-content\/uploads\/2025\/05\/IMG-88.jpg",1920,1080,false]},"rttpg_author":{"display_name":"ccardenas","author_link":"https:\/\/elconquistadorredloslagos.cl\/test\/blog\/author\/ccardenas\/"},"rttpg_comment":0,"rttpg_category":"<a href=\"https:\/\/elconquistadorredloslagos.cl\/test\/blog\/category\/actual\/acontecer\/\" rel=\"category tag\">Acontecer<\/a> <a href=\"https:\/\/elconquistadorredloslagos.cl\/test\/blog\/category\/actual\/\" rel=\"category tag\">Actualidad<\/a>","rttpg_excerpt":"La ma\u00f1ana de este viernes 23 de mayo, Carabineros de la Cuarta Comisar\u00eda de Calbuco arrest\u00f3 a un hombre de 62 a\u00f1os, identificado con las iniciales M.A.C., acusado de ser..","_links":{"self":[{"href":"https:\/\/elconquistadorredloslagos.cl\/test\/wp-json\/wp\/v2\/posts\/10606","targetHints":{"allow":["GET"]}}],"collection":[{"href":"https:\/\/elconquistadorredloslagos.cl\/test\/wp-json\/wp\/v2\/posts"}],"about":[{"href":"https:\/\/elconquistadorredloslagos.cl\/test\/wp-json\/wp\/v2\/types\/post"}],"author":[{"embeddable":true,"href":"https:\/\/elconquistadorredloslagos.cl\/test\/wp-json\/wp\/v2\/users\/2"}],"replies":[{"embeddable":true,"href":"https:\/\/elconquistadorredloslagos.cl\/test\/wp-json\/wp\/v2\/comments?post=10606"}],"version-history":[{"count":4,"href":"https:\/\/elconquistadorredloslagos.cl\/test\/wp-json\/wp\/v2\/posts\/10606\/revisions"}],"predecessor-version":[{"id":10635,"href":"https:\/\/elconquistadorredloslagos.cl\/test\/wp-json\/wp\/v2\/posts\/10606\/revisions\/10635"}],"wp:featuredmedia":[{"embeddable":true,"href":"https:\/\/elconquistadorredloslagos.cl\/test\/wp-json\/wp\/v2\/media\/10608"}],"wp:attachment":[{"href":"https:\/\/elconquistadorredloslagos.cl\/test\/wp-json\/wp\/v2\/media?parent=10606"}],"wp:term":[{"taxonomy":"category","embeddable":true,"href":"https:\/\/elconquistadorredloslagos.cl\/test\/wp-json\/wp\/v2\/categories?post=10606"},{"taxonomy":"post_tag","embeddable":true,"href":"https:\/\/elconquistadorredloslagos.cl\/test\/wp-json\/wp\/v2\/tags?post=10606"}],"curies":[{"name":"wp","href":"https:\/\/api.w.org\/{rel}","templated":true}]}}