{"id":10590,"date":"2025-05-23T08:31:50","date_gmt":"2025-05-23T12:31:50","guid":{"rendered":"https:\/\/elconquistadorredloslagos.cl\/test\/?p=10590"},"modified":"2025-05-23T08:31:51","modified_gmt":"2025-05-23T12:31:51","slug":"horror-en-calbuco-mujer-es-asesinada-y-su-ex-pareja-se-da-a-la-fuga","status":"publish","type":"post","link":"https:\/\/elconquistadorredloslagos.cl\/test\/blog\/2025\/05\/23\/horror-en-calbuco-mujer-es-asesinada-y-su-ex-pareja-se-da-a-la-fuga\/","title":{"rendered":"Horror en Calbuco: mujer es asesinada y su ex pareja se da a la fuga"},"content":{"rendered":"\n<p>Un nuevo caso de femicidio conmociona a la Regi\u00f3n de Los Lagos. Durante la tarde del jueves 22 de mayo, una mujer de 40 a\u00f1os fue hallada sin vida en el patio de su vivienda en el sector rural de El Tambor, a 12 kil\u00f3metros del centro de Calbuco.<\/p>\n\n\n\n<p>Seg\u00fan antecedentes preliminares, el presunto autor ser\u00eda su ex pareja, quien habr\u00eda huido del lugar en un veh\u00edculo particular tras cometer el crimen. La Fiscal\u00eda local orden\u00f3 diligencias a personal especializado, mientras Carabineros arrib\u00f3 al lugar para resguardar el per\u00edmetro de la escena.<\/p>\n\n\n\n<p>Una segunda persona -familiar de la v\u00edctima- result\u00f3 herida en el ataque y est\u00e1 siendo atendida por personal m\u00e9dico, evalu\u00e1ndose su traslado al Hospital de Puerto Montt.<\/p>\n\n\n\n<p>La comunidad calbucana se encuentra consternada, mientras contin\u00faan las labores de b\u00fasqueda del sospechoso y se desarrollan las pericias que permitan esclarecer los hechos.<\/p>\n\n\n\n<p>Noticia en desarrollo.<\/p>\n\n\n\n<p>\ud83d\udcf7 Referencial<\/p>\n","protected":false},"excerpt":{"rendered":"<p>Un nuevo caso de femicidio conmociona a la Regi\u00f3n de Los Lagos. Durante la tarde del jueves 22 de mayo, una mujer de 40 a\u00f1os fue hallada sin vida en..<\/p>\n","protected":false},"author":2,"featured_media":10591,"comment_status":"closed","ping_status":"open","sticky":false,"template":"","format":"standard","meta":{"footnotes":""},"categories":[28],"tags":[],"class_list":["post-10590","post","type-post","status-publish","format-standard","has-post-thumbnail","hentry","category-actual"],"rttpg_featured_image_url":{"full":["https:\/\/elconquistadorredloslagos.cl\/test\/wp-content\/uploads\/2025\/05\/IMG-84.jpg",1920,1080,false],"landscape":["https:\/\/elconquistadorredloslagos.cl\/test\/wp-content\/uploads\/2025\/05\/IMG-84.jpg",1920,1080,false],"portraits":["https:\/\/elconquistadorredloslagos.cl\/test\/wp-content\/uploads\/2025\/05\/IMG-84.jpg",1920,1080,false],"thumbnail":["https:\/\/elconquistadorredloslagos.cl\/test\/wp-content\/uploads\/2025\/05\/IMG-84-150x150.jpg",150,150,true],"medium":["https:\/\/elconquistadorredloslagos.cl\/test\/wp-content\/uploads\/2025\/05\/IMG-84-300x169.jpg",300,169,true],"large":["https:\/\/elconquistadorredloslagos.cl\/test\/wp-content\/uploads\/2025\/05\/IMG-84-1024x576.jpg",1024,576,true],"1536x1536":["https:\/\/elconquistadorredloslagos.cl\/test\/wp-content\/uploads\/2025\/05\/IMG-84-1536x864.jpg",1536,864,true],"2048x2048":["https:\/\/elconquistadorredloslagos.cl\/test\/wp-content\/uploads\/2025\/05\/IMG-84.jpg",1920,1080,false]},"rttpg_author":{"display_name":"ccardenas","author_link":"https:\/\/elconquistadorredloslagos.cl\/test\/blog\/author\/ccardenas\/"},"rttpg_comment":0,"rttpg_category":"<a href=\"https:\/\/elconquistadorredloslagos.cl\/test\/blog\/category\/actual\/\" rel=\"category tag\">Actualidad<\/a>","rttpg_excerpt":"Un nuevo caso de femicidio conmociona a la Regi\u00f3n de Los Lagos. Durante la tarde del jueves 22 de mayo, una mujer de 40 a\u00f1os fue hallada sin vida en..","_links":{"self":[{"href":"https:\/\/elconquistadorredloslagos.cl\/test\/wp-json\/wp\/v2\/posts\/10590","targetHints":{"allow":["GET"]}}],"collection":[{"href":"https:\/\/elconquistadorredloslagos.cl\/test\/wp-json\/wp\/v2\/posts"}],"about":[{"href":"https:\/\/elconquistadorredloslagos.cl\/test\/wp-json\/wp\/v2\/types\/post"}],"author":[{"embeddable":true,"href":"https:\/\/elconquistadorredloslagos.cl\/test\/wp-json\/wp\/v2\/users\/2"}],"replies":[{"embeddable":true,"href":"https:\/\/elconquistadorredloslagos.cl\/test\/wp-json\/wp\/v2\/comments?post=10590"}],"version-history":[{"count":1,"href":"https:\/\/elconquistadorredloslagos.cl\/test\/wp-json\/wp\/v2\/posts\/10590\/revisions"}],"predecessor-version":[{"id":10592,"href":"https:\/\/elconquistadorredloslagos.cl\/test\/wp-json\/wp\/v2\/posts\/10590\/revisions\/10592"}],"wp:featuredmedia":[{"embeddable":true,"href":"https:\/\/elconquistadorredloslagos.cl\/test\/wp-json\/wp\/v2\/media\/10591"}],"wp:attachment":[{"href":"https:\/\/elconquistadorredloslagos.cl\/test\/wp-json\/wp\/v2\/media?parent=10590"}],"wp:term":[{"taxonomy":"category","embeddable":true,"href":"https:\/\/elconquistadorredloslagos.cl\/test\/wp-json\/wp\/v2\/categories?post=10590"},{"taxonomy":"post_tag","embeddable":true,"href":"https:\/\/elconquistadorredloslagos.cl\/test\/wp-json\/wp\/v2\/tags?post=10590"}],"curies":[{"name":"wp","href":"https:\/\/api.w.org\/{rel}","templated":true}]}}