{"id":10566,"date":"2025-05-22T13:56:18","date_gmt":"2025-05-22T17:56:18","guid":{"rendered":"https:\/\/elconquistadorredloslagos.cl\/test\/?p=10566"},"modified":"2025-05-22T20:21:21","modified_gmt":"2025-05-23T00:21:21","slug":"tragedia-en-entre-lagos-adolescente-pierde-la-vida-en-incendio","status":"publish","type":"post","link":"https:\/\/elconquistadorredloslagos.cl\/test\/blog\/2025\/05\/22\/tragedia-en-entre-lagos-adolescente-pierde-la-vida-en-incendio\/","title":{"rendered":"Tragedia en Entre Lagos: adolescente pierde la vida en incendio"},"content":{"rendered":"\n<p>La tarde del mi\u00e9rcoles 21 de mayo se registr\u00f3 un grave incendio en una vivienda ubicada en calle Los Aromos, sector Porvenir, en Entre Lagos, que termin\u00f3 con la lamentable muerte de una adolescente. El siniestro ocurri\u00f3 cerca de las 14.00 horas, movilizando de inmediato a los voluntarios del Cuerpo de Bomberos local.<\/p>\n\n\n\n<p>Al llegar al lugar, el personal bomberil se enfrent\u00f3 a un inmueble de un solo piso completamente envuelto en llamas, con un alto riesgo de que el fuego se propagara a las viviendas aleda\u00f1as. Gracias a la r\u00e1pida y coordinada acci\u00f3n de los voluntarios junto con la colaboraci\u00f3n de vecinos, el fuego pudo ser controlado antes de afectar otras viviendas contiguas.<\/p>\n\n\n\n<p>No obstante, la emergencia tuvo consecuencias fatales. Seg\u00fan inform\u00f3 el Servicio de Salud, la joven falleci\u00f3 debido a la inhalaci\u00f3n de mon\u00f3xido de carbono, gas t\u00f3xico que suele acumularse en estos siniestros. Por el momento, el personal especializado investiga las causas que originaron el incendio.<\/p>\n\n\n\n<p>La comunidad de Entre Lagos se encuentra consternada por esta tragedia y ha expresado sus condolencias a la familia afectada.<\/p>\n\n\n\n<p>\ud83d\udcf7 Redes sociales<\/p>\n","protected":false},"excerpt":{"rendered":"<p>La tarde del mi\u00e9rcoles 21 de mayo se registr\u00f3 un grave incendio en una vivienda ubicada en calle Los Aromos, sector Porvenir, en Entre Lagos, que termin\u00f3 con la lamentable..<\/p>\n","protected":false},"author":2,"featured_media":10567,"comment_status":"closed","ping_status":"open","sticky":false,"template":"","format":"standard","meta":{"footnotes":""},"categories":[1,28,55],"tags":[],"class_list":["post-10566","post","type-post","status-publish","format-standard","has-post-thumbnail","hentry","category-acontecer","category-actual","category-osorno"],"rttpg_featured_image_url":{"full":["https:\/\/elconquistadorredloslagos.cl\/test\/wp-content\/uploads\/2025\/05\/IMG-80.jpg",1920,1080,false],"landscape":["https:\/\/elconquistadorredloslagos.cl\/test\/wp-content\/uploads\/2025\/05\/IMG-80.jpg",1920,1080,false],"portraits":["https:\/\/elconquistadorredloslagos.cl\/test\/wp-content\/uploads\/2025\/05\/IMG-80.jpg",1920,1080,false],"thumbnail":["https:\/\/elconquistadorredloslagos.cl\/test\/wp-content\/uploads\/2025\/05\/IMG-80-150x150.jpg",150,150,true],"medium":["https:\/\/elconquistadorredloslagos.cl\/test\/wp-content\/uploads\/2025\/05\/IMG-80-300x169.jpg",300,169,true],"large":["https:\/\/elconquistadorredloslagos.cl\/test\/wp-content\/uploads\/2025\/05\/IMG-80-1024x576.jpg",1024,576,true],"1536x1536":["https:\/\/elconquistadorredloslagos.cl\/test\/wp-content\/uploads\/2025\/05\/IMG-80-1536x864.jpg",1536,864,true],"2048x2048":["https:\/\/elconquistadorredloslagos.cl\/test\/wp-content\/uploads\/2025\/05\/IMG-80.jpg",1920,1080,false]},"rttpg_author":{"display_name":"ccardenas","author_link":"https:\/\/elconquistadorredloslagos.cl\/test\/blog\/author\/ccardenas\/"},"rttpg_comment":0,"rttpg_category":"<a href=\"https:\/\/elconquistadorredloslagos.cl\/test\/blog\/category\/actual\/acontecer\/\" rel=\"category tag\">Acontecer<\/a> <a href=\"https:\/\/elconquistadorredloslagos.cl\/test\/blog\/category\/actual\/\" rel=\"category tag\">Actualidad<\/a> <a href=\"https:\/\/elconquistadorredloslagos.cl\/test\/blog\/category\/chile\/osorno\/\" rel=\"category tag\">Osorno<\/a>","rttpg_excerpt":"La tarde del mi\u00e9rcoles 21 de mayo se registr\u00f3 un grave incendio en una vivienda ubicada en calle Los Aromos, sector Porvenir, en Entre Lagos, que termin\u00f3 con la lamentable..","_links":{"self":[{"href":"https:\/\/elconquistadorredloslagos.cl\/test\/wp-json\/wp\/v2\/posts\/10566","targetHints":{"allow":["GET"]}}],"collection":[{"href":"https:\/\/elconquistadorredloslagos.cl\/test\/wp-json\/wp\/v2\/posts"}],"about":[{"href":"https:\/\/elconquistadorredloslagos.cl\/test\/wp-json\/wp\/v2\/types\/post"}],"author":[{"embeddable":true,"href":"https:\/\/elconquistadorredloslagos.cl\/test\/wp-json\/wp\/v2\/users\/2"}],"replies":[{"embeddable":true,"href":"https:\/\/elconquistadorredloslagos.cl\/test\/wp-json\/wp\/v2\/comments?post=10566"}],"version-history":[{"count":1,"href":"https:\/\/elconquistadorredloslagos.cl\/test\/wp-json\/wp\/v2\/posts\/10566\/revisions"}],"predecessor-version":[{"id":10568,"href":"https:\/\/elconquistadorredloslagos.cl\/test\/wp-json\/wp\/v2\/posts\/10566\/revisions\/10568"}],"wp:featuredmedia":[{"embeddable":true,"href":"https:\/\/elconquistadorredloslagos.cl\/test\/wp-json\/wp\/v2\/media\/10567"}],"wp:attachment":[{"href":"https:\/\/elconquistadorredloslagos.cl\/test\/wp-json\/wp\/v2\/media?parent=10566"}],"wp:term":[{"taxonomy":"category","embeddable":true,"href":"https:\/\/elconquistadorredloslagos.cl\/test\/wp-json\/wp\/v2\/categories?post=10566"},{"taxonomy":"post_tag","embeddable":true,"href":"https:\/\/elconquistadorredloslagos.cl\/test\/wp-json\/wp\/v2\/tags?post=10566"}],"curies":[{"name":"wp","href":"https:\/\/api.w.org\/{rel}","templated":true}]}}