{"id":10563,"date":"2025-05-22T13:45:55","date_gmt":"2025-05-22T17:45:55","guid":{"rendered":"https:\/\/elconquistadorredloslagos.cl\/test\/?p=10563"},"modified":"2025-05-22T13:45:56","modified_gmt":"2025-05-22T17:45:56","slug":"la-ruta-el-tepual-en-puerto-montt-se-construira-en-tres-fases-durante-12-anos","status":"publish","type":"post","link":"https:\/\/elconquistadorredloslagos.cl\/test\/blog\/2025\/05\/22\/la-ruta-el-tepual-en-puerto-montt-se-construira-en-tres-fases-durante-12-anos\/","title":{"rendered":"La Ruta El Tepual en Puerto Montt se construir\u00e1 en tres fases durante 12 a\u00f1os"},"content":{"rendered":"\n<p>Opiniones encontradas ha tra\u00eddo consigo la decisi\u00f3n del Ministerio de Obras P\u00fablicas (MOP) de dividir en tres etapas el mejoramiento de la ruta Ch-226 El Tepual, lo cual podr\u00eda provocar que la obra -que abarca casi 12 kil\u00f3metros- tarde entre 9 y 12 a\u00f1os en completarse.<\/p>\n\n\n\n<p>La Direcci\u00f3n Regional de Vialidad dependiente de la Secretar\u00eda Regional Ministerial de Obras P\u00fablicas, es la unidad t\u00e9cnica responsable. Su director, Jorge Loncomilla, indic\u00f3 que si para el pr\u00f3ximo a\u00f1o se avanza en un 50% en las expropiaciones, se podr\u00eda iniciar la licitaci\u00f3n y comenzar la primera etapa con una duraci\u00f3n estimada de dos a tres a\u00f1os.<\/p>\n\n\n\n<p>En torno a esto, el alcalde de Puerto Montt Rodrigo Wainraihgt, calific\u00f3 la medida como \u201cun balde de agua fr\u00eda\u201d y afirm\u00f3 que la congesti\u00f3n en esa ruta es cr\u00edtica, requiriendo urgentemente una doble v\u00eda. Por su parte, el seremi Juan Fernando Alvarado confirm\u00f3 el cronograma de las tres etapas.<\/p>\n\n\n\n<p>\ud83d\udcf7 Dise\u00f1o de proyecto<\/p>\n","protected":false},"excerpt":{"rendered":"<p>Opiniones encontradas ha tra\u00eddo consigo la decisi\u00f3n del Ministerio de Obras P\u00fablicas (MOP) de dividir en tres etapas el mejoramiento de la ruta Ch-226 El Tepual, lo cual podr\u00eda provocar..<\/p>\n","protected":false},"author":2,"featured_media":10564,"comment_status":"closed","ping_status":"open","sticky":false,"template":"","format":"standard","meta":{"footnotes":""},"categories":[1,28,56],"tags":[],"class_list":["post-10563","post","type-post","status-publish","format-standard","has-post-thumbnail","hentry","category-acontecer","category-actual","category-puerto-montt"],"rttpg_featured_image_url":{"full":["https:\/\/elconquistadorredloslagos.cl\/test\/wp-content\/uploads\/2025\/05\/IMG-79.jpg",1920,1080,false],"landscape":["https:\/\/elconquistadorredloslagos.cl\/test\/wp-content\/uploads\/2025\/05\/IMG-79.jpg",1920,1080,false],"portraits":["https:\/\/elconquistadorredloslagos.cl\/test\/wp-content\/uploads\/2025\/05\/IMG-79.jpg",1920,1080,false],"thumbnail":["https:\/\/elconquistadorredloslagos.cl\/test\/wp-content\/uploads\/2025\/05\/IMG-79-150x150.jpg",150,150,true],"medium":["https:\/\/elconquistadorredloslagos.cl\/test\/wp-content\/uploads\/2025\/05\/IMG-79-300x169.jpg",300,169,true],"large":["https:\/\/elconquistadorredloslagos.cl\/test\/wp-content\/uploads\/2025\/05\/IMG-79-1024x576.jpg",1024,576,true],"1536x1536":["https:\/\/elconquistadorredloslagos.cl\/test\/wp-content\/uploads\/2025\/05\/IMG-79-1536x864.jpg",1536,864,true],"2048x2048":["https:\/\/elconquistadorredloslagos.cl\/test\/wp-content\/uploads\/2025\/05\/IMG-79.jpg",1920,1080,false]},"rttpg_author":{"display_name":"ccardenas","author_link":"https:\/\/elconquistadorredloslagos.cl\/test\/blog\/author\/ccardenas\/"},"rttpg_comment":0,"rttpg_category":"<a href=\"https:\/\/elconquistadorredloslagos.cl\/test\/blog\/category\/actual\/acontecer\/\" rel=\"category tag\">Acontecer<\/a> <a href=\"https:\/\/elconquistadorredloslagos.cl\/test\/blog\/category\/actual\/\" rel=\"category tag\">Actualidad<\/a> <a href=\"https:\/\/elconquistadorredloslagos.cl\/test\/blog\/category\/chile\/puerto-montt\/\" rel=\"category tag\">Puerto Montt<\/a>","rttpg_excerpt":"Opiniones encontradas ha tra\u00eddo consigo la decisi\u00f3n del Ministerio de Obras P\u00fablicas (MOP) de dividir en tres etapas el mejoramiento de la ruta Ch-226 El Tepual, lo cual podr\u00eda provocar..","_links":{"self":[{"href":"https:\/\/elconquistadorredloslagos.cl\/test\/wp-json\/wp\/v2\/posts\/10563","targetHints":{"allow":["GET"]}}],"collection":[{"href":"https:\/\/elconquistadorredloslagos.cl\/test\/wp-json\/wp\/v2\/posts"}],"about":[{"href":"https:\/\/elconquistadorredloslagos.cl\/test\/wp-json\/wp\/v2\/types\/post"}],"author":[{"embeddable":true,"href":"https:\/\/elconquistadorredloslagos.cl\/test\/wp-json\/wp\/v2\/users\/2"}],"replies":[{"embeddable":true,"href":"https:\/\/elconquistadorredloslagos.cl\/test\/wp-json\/wp\/v2\/comments?post=10563"}],"version-history":[{"count":1,"href":"https:\/\/elconquistadorredloslagos.cl\/test\/wp-json\/wp\/v2\/posts\/10563\/revisions"}],"predecessor-version":[{"id":10565,"href":"https:\/\/elconquistadorredloslagos.cl\/test\/wp-json\/wp\/v2\/posts\/10563\/revisions\/10565"}],"wp:featuredmedia":[{"embeddable":true,"href":"https:\/\/elconquistadorredloslagos.cl\/test\/wp-json\/wp\/v2\/media\/10564"}],"wp:attachment":[{"href":"https:\/\/elconquistadorredloslagos.cl\/test\/wp-json\/wp\/v2\/media?parent=10563"}],"wp:term":[{"taxonomy":"category","embeddable":true,"href":"https:\/\/elconquistadorredloslagos.cl\/test\/wp-json\/wp\/v2\/categories?post=10563"},{"taxonomy":"post_tag","embeddable":true,"href":"https:\/\/elconquistadorredloslagos.cl\/test\/wp-json\/wp\/v2\/tags?post=10563"}],"curies":[{"name":"wp","href":"https:\/\/api.w.org\/{rel}","templated":true}]}}