{"id":10560,"date":"2025-05-22T13:32:37","date_gmt":"2025-05-22T17:32:37","guid":{"rendered":"https:\/\/elconquistadorredloslagos.cl\/test\/?p=10560"},"modified":"2025-05-22T13:32:37","modified_gmt":"2025-05-22T17:32:37","slug":"incendio-consume-bodega-en-la-isla-puluqui-comuna-de-calbuco","status":"publish","type":"post","link":"https:\/\/elconquistadorredloslagos.cl\/test\/blog\/2025\/05\/22\/incendio-consume-bodega-en-la-isla-puluqui-comuna-de-calbuco\/","title":{"rendered":"Incendio consume bodega en la isla Puluqui comuna de Calbuco"},"content":{"rendered":"\n<p>Durante la noche del mi\u00e9rcoles, un incendio estructural afect\u00f3 una bodega ubicada en el sector M\u00e1chil, en la isla Puluqui perteneciente a la comuna de Calbuco. La bodega, que se encontraba en el camino costero de la isla, ser\u00eda propiedad de la empresa Yocota, seg\u00fan informaron fuentes cercanas al lugar.<\/p>\n\n\n\n<p>El siniestro moviliz\u00f3 r\u00e1pidamente a los equipos de emergencia. En primera instancia, llegaron voluntarios del Equipo Comunitario de Respuesta a Emergencias (CERT) de la isla Puluqui, junto a Carabineros del ret\u00e9n insular y vecinos del sector, quienes colaboraron en las labores iniciales para contener las llamas.<\/p>\n\n\n\n<p>Simult\u00e1neamente, desde Calbuco se trasladaron en una barcaza de la naviera Puelche los voluntarios y carros de bomberos de la Primera y Tercera Compa\u00f1\u00edas del Cuerpo de Bomberos local con el fin de reforzar el operativo.<\/p>\n\n\n\n<p>Las causas del incendio a\u00fan son materia de investigaci\u00f3n por parte de las autoridades, mientras que se destaca la cooperaci\u00f3n de la comunidad insular, municipio y los equipos de emergencia para minimizar el impacto del siniestro.<\/p>\n\n\n\n<p>\ud83d\udcf7 Redes sociales<\/p>\n","protected":false},"excerpt":{"rendered":"<p>Durante la noche del mi\u00e9rcoles, un incendio estructural afect\u00f3 una bodega ubicada en el sector M\u00e1chil, en la isla Puluqui perteneciente a la comuna de Calbuco. La bodega, que se..<\/p>\n","protected":false},"author":2,"featured_media":10561,"comment_status":"closed","ping_status":"open","sticky":false,"template":"","format":"standard","meta":{"footnotes":""},"categories":[1,28],"tags":[],"class_list":["post-10560","post","type-post","status-publish","format-standard","has-post-thumbnail","hentry","category-acontecer","category-actual"],"rttpg_featured_image_url":{"full":["https:\/\/elconquistadorredloslagos.cl\/test\/wp-content\/uploads\/2025\/05\/IMG-78.jpg",1920,1080,false],"landscape":["https:\/\/elconquistadorredloslagos.cl\/test\/wp-content\/uploads\/2025\/05\/IMG-78.jpg",1920,1080,false],"portraits":["https:\/\/elconquistadorredloslagos.cl\/test\/wp-content\/uploads\/2025\/05\/IMG-78.jpg",1920,1080,false],"thumbnail":["https:\/\/elconquistadorredloslagos.cl\/test\/wp-content\/uploads\/2025\/05\/IMG-78-150x150.jpg",150,150,true],"medium":["https:\/\/elconquistadorredloslagos.cl\/test\/wp-content\/uploads\/2025\/05\/IMG-78-300x169.jpg",300,169,true],"large":["https:\/\/elconquistadorredloslagos.cl\/test\/wp-content\/uploads\/2025\/05\/IMG-78-1024x576.jpg",1024,576,true],"1536x1536":["https:\/\/elconquistadorredloslagos.cl\/test\/wp-content\/uploads\/2025\/05\/IMG-78-1536x864.jpg",1536,864,true],"2048x2048":["https:\/\/elconquistadorredloslagos.cl\/test\/wp-content\/uploads\/2025\/05\/IMG-78.jpg",1920,1080,false]},"rttpg_author":{"display_name":"ccardenas","author_link":"https:\/\/elconquistadorredloslagos.cl\/test\/blog\/author\/ccardenas\/"},"rttpg_comment":0,"rttpg_category":"<a href=\"https:\/\/elconquistadorredloslagos.cl\/test\/blog\/category\/actual\/acontecer\/\" rel=\"category tag\">Acontecer<\/a> <a href=\"https:\/\/elconquistadorredloslagos.cl\/test\/blog\/category\/actual\/\" rel=\"category tag\">Actualidad<\/a>","rttpg_excerpt":"Durante la noche del mi\u00e9rcoles, un incendio estructural afect\u00f3 una bodega ubicada en el sector M\u00e1chil, en la isla Puluqui perteneciente a la comuna de Calbuco. La bodega, que se..","_links":{"self":[{"href":"https:\/\/elconquistadorredloslagos.cl\/test\/wp-json\/wp\/v2\/posts\/10560","targetHints":{"allow":["GET"]}}],"collection":[{"href":"https:\/\/elconquistadorredloslagos.cl\/test\/wp-json\/wp\/v2\/posts"}],"about":[{"href":"https:\/\/elconquistadorredloslagos.cl\/test\/wp-json\/wp\/v2\/types\/post"}],"author":[{"embeddable":true,"href":"https:\/\/elconquistadorredloslagos.cl\/test\/wp-json\/wp\/v2\/users\/2"}],"replies":[{"embeddable":true,"href":"https:\/\/elconquistadorredloslagos.cl\/test\/wp-json\/wp\/v2\/comments?post=10560"}],"version-history":[{"count":1,"href":"https:\/\/elconquistadorredloslagos.cl\/test\/wp-json\/wp\/v2\/posts\/10560\/revisions"}],"predecessor-version":[{"id":10562,"href":"https:\/\/elconquistadorredloslagos.cl\/test\/wp-json\/wp\/v2\/posts\/10560\/revisions\/10562"}],"wp:featuredmedia":[{"embeddable":true,"href":"https:\/\/elconquistadorredloslagos.cl\/test\/wp-json\/wp\/v2\/media\/10561"}],"wp:attachment":[{"href":"https:\/\/elconquistadorredloslagos.cl\/test\/wp-json\/wp\/v2\/media?parent=10560"}],"wp:term":[{"taxonomy":"category","embeddable":true,"href":"https:\/\/elconquistadorredloslagos.cl\/test\/wp-json\/wp\/v2\/categories?post=10560"},{"taxonomy":"post_tag","embeddable":true,"href":"https:\/\/elconquistadorredloslagos.cl\/test\/wp-json\/wp\/v2\/tags?post=10560"}],"curies":[{"name":"wp","href":"https:\/\/api.w.org\/{rel}","templated":true}]}}