{"id":10557,"date":"2025-05-22T13:23:13","date_gmt":"2025-05-22T17:23:13","guid":{"rendered":"https:\/\/elconquistadorredloslagos.cl\/test\/?p=10557"},"modified":"2025-05-22T13:23:13","modified_gmt":"2025-05-22T17:23:13","slug":"nestle-cierra-planta-en-llanquihue-tras-mas-de-60-anos","status":"publish","type":"post","link":"https:\/\/elconquistadorredloslagos.cl\/test\/blog\/2025\/05\/22\/nestle-cierra-planta-en-llanquihue-tras-mas-de-60-anos\/","title":{"rendered":"Nestl\u00e9 cierra planta en Llanquihue tras m\u00e1s de 60 a\u00f1os"},"content":{"rendered":"\n<p>La empresa multinacional Nestl\u00e9 Chile, anunci\u00f3 que el pr\u00f3ximo s\u00e1bado 31 de mayo cesar\u00e1 la producci\u00f3n en su planta ubicada en Llanquihue, una decisi\u00f3n estrat\u00e9gica para concentrar la fabricaci\u00f3n l\u00e1ctea en sus modernas instalaciones de Cancura (Osorno) y Los \u00c1ngeles (Biob\u00edo), seg\u00fan informaron medios locales.<\/p>\n\n\n\n<p>Patricio Cumilef, presidente del Sindicato N\u00b01 de la f\u00e1brica de Llanquihue, confirm\u00f3 que la planta operar\u00e1 hasta el 28 o 29 de mayo y que los 56 trabajadores de su sindicato quedar\u00e1n sin empleo.<\/p>\n\n\n\n<p>El fin de las operaciones responde a un proceso de modernizaci\u00f3n tecnol\u00f3gica, ya que la planta de Llanquihue no cumple con los est\u00e1ndares actuales necesarios para la compa\u00f1\u00eda. Desde septiembre de 2023, tras la paralizaci\u00f3n de la torre de secado, la planta solo elaboraba crema y pre condensados para ser enviados a Los \u00c1ngeles.<\/p>\n\n\n\n<p>Cumilef destac\u00f3 que lograron acuerdos satisfactorios para las indemnizaciones y que la empresa ha cumplido con sus compromisos. Adem\u00e1s, se\u00f1al\u00f3 que una nueva compa\u00f1\u00eda ocupar\u00e1 las instalaciones para apoyar a la planta de Cancura, donde unos 60 ex trabajadores continuar\u00e1n labores.<\/p>\n\n\n\n<p>\ud83d\udcf7 Redes sociales<\/p>\n","protected":false},"excerpt":{"rendered":"<p>La empresa multinacional Nestl\u00e9 Chile, anunci\u00f3 que el pr\u00f3ximo s\u00e1bado 31 de mayo cesar\u00e1 la producci\u00f3n en su planta ubicada en Llanquihue, una decisi\u00f3n estrat\u00e9gica para concentrar la fabricaci\u00f3n l\u00e1ctea..<\/p>\n","protected":false},"author":2,"featured_media":10558,"comment_status":"closed","ping_status":"open","sticky":false,"template":"","format":"standard","meta":{"footnotes":""},"categories":[1,28,56],"tags":[],"class_list":["post-10557","post","type-post","status-publish","format-standard","has-post-thumbnail","hentry","category-acontecer","category-actual","category-puerto-montt"],"rttpg_featured_image_url":{"full":["https:\/\/elconquistadorredloslagos.cl\/test\/wp-content\/uploads\/2025\/05\/IMG-77.jpg",1920,1080,false],"landscape":["https:\/\/elconquistadorredloslagos.cl\/test\/wp-content\/uploads\/2025\/05\/IMG-77.jpg",1920,1080,false],"portraits":["https:\/\/elconquistadorredloslagos.cl\/test\/wp-content\/uploads\/2025\/05\/IMG-77.jpg",1920,1080,false],"thumbnail":["https:\/\/elconquistadorredloslagos.cl\/test\/wp-content\/uploads\/2025\/05\/IMG-77-150x150.jpg",150,150,true],"medium":["https:\/\/elconquistadorredloslagos.cl\/test\/wp-content\/uploads\/2025\/05\/IMG-77-300x169.jpg",300,169,true],"large":["https:\/\/elconquistadorredloslagos.cl\/test\/wp-content\/uploads\/2025\/05\/IMG-77-1024x576.jpg",1024,576,true],"1536x1536":["https:\/\/elconquistadorredloslagos.cl\/test\/wp-content\/uploads\/2025\/05\/IMG-77-1536x864.jpg",1536,864,true],"2048x2048":["https:\/\/elconquistadorredloslagos.cl\/test\/wp-content\/uploads\/2025\/05\/IMG-77.jpg",1920,1080,false]},"rttpg_author":{"display_name":"ccardenas","author_link":"https:\/\/elconquistadorredloslagos.cl\/test\/blog\/author\/ccardenas\/"},"rttpg_comment":0,"rttpg_category":"<a href=\"https:\/\/elconquistadorredloslagos.cl\/test\/blog\/category\/actual\/acontecer\/\" rel=\"category tag\">Acontecer<\/a> <a href=\"https:\/\/elconquistadorredloslagos.cl\/test\/blog\/category\/actual\/\" rel=\"category tag\">Actualidad<\/a> <a href=\"https:\/\/elconquistadorredloslagos.cl\/test\/blog\/category\/chile\/puerto-montt\/\" rel=\"category tag\">Puerto Montt<\/a>","rttpg_excerpt":"La empresa multinacional Nestl\u00e9 Chile, anunci\u00f3 que el pr\u00f3ximo s\u00e1bado 31 de mayo cesar\u00e1 la producci\u00f3n en su planta ubicada en Llanquihue, una decisi\u00f3n estrat\u00e9gica para concentrar la fabricaci\u00f3n l\u00e1ctea..","_links":{"self":[{"href":"https:\/\/elconquistadorredloslagos.cl\/test\/wp-json\/wp\/v2\/posts\/10557","targetHints":{"allow":["GET"]}}],"collection":[{"href":"https:\/\/elconquistadorredloslagos.cl\/test\/wp-json\/wp\/v2\/posts"}],"about":[{"href":"https:\/\/elconquistadorredloslagos.cl\/test\/wp-json\/wp\/v2\/types\/post"}],"author":[{"embeddable":true,"href":"https:\/\/elconquistadorredloslagos.cl\/test\/wp-json\/wp\/v2\/users\/2"}],"replies":[{"embeddable":true,"href":"https:\/\/elconquistadorredloslagos.cl\/test\/wp-json\/wp\/v2\/comments?post=10557"}],"version-history":[{"count":1,"href":"https:\/\/elconquistadorredloslagos.cl\/test\/wp-json\/wp\/v2\/posts\/10557\/revisions"}],"predecessor-version":[{"id":10559,"href":"https:\/\/elconquistadorredloslagos.cl\/test\/wp-json\/wp\/v2\/posts\/10557\/revisions\/10559"}],"wp:featuredmedia":[{"embeddable":true,"href":"https:\/\/elconquistadorredloslagos.cl\/test\/wp-json\/wp\/v2\/media\/10558"}],"wp:attachment":[{"href":"https:\/\/elconquistadorredloslagos.cl\/test\/wp-json\/wp\/v2\/media?parent=10557"}],"wp:term":[{"taxonomy":"category","embeddable":true,"href":"https:\/\/elconquistadorredloslagos.cl\/test\/wp-json\/wp\/v2\/categories?post=10557"},{"taxonomy":"post_tag","embeddable":true,"href":"https:\/\/elconquistadorredloslagos.cl\/test\/wp-json\/wp\/v2\/tags?post=10557"}],"curies":[{"name":"wp","href":"https:\/\/api.w.org\/{rel}","templated":true}]}}