{"id":10543,"date":"2025-05-22T12:15:06","date_gmt":"2025-05-22T16:15:06","guid":{"rendered":"https:\/\/elconquistadorredloslagos.cl\/test\/?p=10543"},"modified":"2025-05-22T14:36:15","modified_gmt":"2025-05-22T18:36:15","slug":"65-anos-del-mayor-terremoto-del-mundo-la-memoria-que-resiste-en-ancud","status":"publish","type":"post","link":"https:\/\/elconquistadorredloslagos.cl\/test\/blog\/2025\/05\/22\/65-anos-del-mayor-terremoto-del-mundo-la-memoria-que-resiste-en-ancud\/","title":{"rendered":"65 a\u00f1os del mayor terremoto del mundo: la memoria que resiste en Ancud"},"content":{"rendered":"\n<p>Simplemente el mayor movimiento tel\u00farico jam\u00e1s registrado por alg\u00fan instrumento cient\u00edfico en toda la historia de la humanidad. El 22 de mayo de 1960 la onda destructiva alcanz\u00f3 las costas de Ancud y la ciudad del R\u00edo Pudeto fue destruida por el m\u00e1s grande tsunami que ha azotado las costas del oc\u00e9ano Pac\u00edfico.<\/p>\n\n\n\n<p>Han pasado 65 a\u00f1os desde aquel d\u00eda, cuando una gran cantidad de familias comenzaron una nueva vida en un barrio diferente para ellos. Pasadas las 13.30 horas de esa fat\u00eddica fecha, se gener\u00f3 el comienzo del cambio m\u00e1s radical para muchos habitantes de la comuna, producto de la cat\u00e1strofe que arras\u00f3 con la costanera de Ancud, desde calle Cochrane hasta Lechagua.<\/p>\n\n\n\n<p>El Barrio La Arena qued\u00f3 completamente sumergido entre las aguas. Actualmente, en dicho lugar se levanta poblaci\u00f3n F\u00e1tima.<\/p>\n\n\n\n<p>Ancud, que en ese instante albergaba a unos 5 mil habitantes, no sufri\u00f3 tanta destrucci\u00f3n causada por el movimiento de la tierra, sino que fue el mar el que provoc\u00f3 el enorme da\u00f1o. La poblaci\u00f3n In\u00e9s de Baz\u00e1n, la 22 de mayo, entre otras, se formaron como consecuencia de este maremoto.<\/p>\n\n\n\n<p>La gente que perdi\u00f3 sus viviendas ocup\u00f3 esas casas que les entreg\u00f3 la autoridad. Familias como los Calder\u00f3n Viveros, Alvarado, Rojas, Ruiz, \u00c1guila, escribieron su nombre en la historia de Ancud. Pero a pesar del esfuerzo de estos vecinos por mantener esta fecha como una de las m\u00e1s importantes en el recuerdo de los ancuditanos, aseguran que con el pasar de los a\u00f1os, la comunidad cada vez memoriza menos este hecho.<\/p>\n\n\n\n<p>Lentamente se fueron ocupando terrenos y la gente misma fue levantando sus hogares en F\u00e1tima, haci\u00e9ndose mingas para este proceso, donde los vecinos de manera mancomunada y sin diferencias sociales se ayudaban.<\/p>\n\n\n\n<p><strong>SIRENAS<\/strong> <\/p>\n\n\n\n<p>A las \ud83d\udd52 15.11 horas de hoy jueves, el Cuerpo de Bomberos de Ancud har\u00e1 sonar sirenas en honor de esta fecha, como muestra de respeto y recuerdo. Tambi\u00e9n reconociendo la valent\u00eda de quienes supieron levantarse tras la tragedia.<\/p>\n\n\n\n<p>Un d\u00eda para recordar y honrar\ud83d\udda4<\/p>\n\n\n\n<p>\ud83d\udcf7 www.museodeancud.gob.cl<\/p>\n","protected":false},"excerpt":{"rendered":"<p>Simplemente el mayor movimiento tel\u00farico jam\u00e1s registrado por alg\u00fan instrumento cient\u00edfico en toda la historia de la humanidad. El 22 de mayo de 1960 la onda destructiva alcanz\u00f3 las costas..<\/p>\n","protected":false},"author":2,"featured_media":10546,"comment_status":"closed","ping_status":"open","sticky":false,"template":"","format":"standard","meta":{"footnotes":""},"categories":[1,28,51,26,34],"tags":[],"class_list":["post-10543","post","type-post","status-publish","format-standard","has-post-thumbnail","hentry","category-acontecer","category-actual","category-chiloe","category-comunidad","category-cultura"],"rttpg_featured_image_url":{"full":["https:\/\/elconquistadorredloslagos.cl\/test\/wp-content\/uploads\/2025\/05\/Diseno-sin-titulo-12.jpg",1920,1080,false],"landscape":["https:\/\/elconquistadorredloslagos.cl\/test\/wp-content\/uploads\/2025\/05\/Diseno-sin-titulo-12.jpg",1920,1080,false],"portraits":["https:\/\/elconquistadorredloslagos.cl\/test\/wp-content\/uploads\/2025\/05\/Diseno-sin-titulo-12.jpg",1920,1080,false],"thumbnail":["https:\/\/elconquistadorredloslagos.cl\/test\/wp-content\/uploads\/2025\/05\/Diseno-sin-titulo-12-150x150.jpg",150,150,true],"medium":["https:\/\/elconquistadorredloslagos.cl\/test\/wp-content\/uploads\/2025\/05\/Diseno-sin-titulo-12-300x169.jpg",300,169,true],"large":["https:\/\/elconquistadorredloslagos.cl\/test\/wp-content\/uploads\/2025\/05\/Diseno-sin-titulo-12-1024x576.jpg",1024,576,true],"1536x1536":["https:\/\/elconquistadorredloslagos.cl\/test\/wp-content\/uploads\/2025\/05\/Diseno-sin-titulo-12-1536x864.jpg",1536,864,true],"2048x2048":["https:\/\/elconquistadorredloslagos.cl\/test\/wp-content\/uploads\/2025\/05\/Diseno-sin-titulo-12.jpg",1920,1080,false]},"rttpg_author":{"display_name":"ccardenas","author_link":"https:\/\/elconquistadorredloslagos.cl\/test\/blog\/author\/ccardenas\/"},"rttpg_comment":0,"rttpg_category":"<a href=\"https:\/\/elconquistadorredloslagos.cl\/test\/blog\/category\/actual\/acontecer\/\" rel=\"category tag\">Acontecer<\/a> <a href=\"https:\/\/elconquistadorredloslagos.cl\/test\/blog\/category\/actual\/\" rel=\"category tag\">Actualidad<\/a> <a href=\"https:\/\/elconquistadorredloslagos.cl\/test\/blog\/category\/chile\/chiloe\/\" rel=\"category tag\">Chilo\u00e9<\/a> <a href=\"https:\/\/elconquistadorredloslagos.cl\/test\/blog\/category\/comunidad\/\" rel=\"category tag\">Comunidad<\/a> <a href=\"https:\/\/elconquistadorredloslagos.cl\/test\/blog\/category\/cultura\/\" rel=\"category tag\">Cultural<\/a>","rttpg_excerpt":"Simplemente el mayor movimiento tel\u00farico jam\u00e1s registrado por alg\u00fan instrumento cient\u00edfico en toda la historia de la humanidad. El 22 de mayo de 1960 la onda destructiva alcanz\u00f3 las costas..","_links":{"self":[{"href":"https:\/\/elconquistadorredloslagos.cl\/test\/wp-json\/wp\/v2\/posts\/10543","targetHints":{"allow":["GET"]}}],"collection":[{"href":"https:\/\/elconquistadorredloslagos.cl\/test\/wp-json\/wp\/v2\/posts"}],"about":[{"href":"https:\/\/elconquistadorredloslagos.cl\/test\/wp-json\/wp\/v2\/types\/post"}],"author":[{"embeddable":true,"href":"https:\/\/elconquistadorredloslagos.cl\/test\/wp-json\/wp\/v2\/users\/2"}],"replies":[{"embeddable":true,"href":"https:\/\/elconquistadorredloslagos.cl\/test\/wp-json\/wp\/v2\/comments?post=10543"}],"version-history":[{"count":3,"href":"https:\/\/elconquistadorredloslagos.cl\/test\/wp-json\/wp\/v2\/posts\/10543\/revisions"}],"predecessor-version":[{"id":10581,"href":"https:\/\/elconquistadorredloslagos.cl\/test\/wp-json\/wp\/v2\/posts\/10543\/revisions\/10581"}],"wp:featuredmedia":[{"embeddable":true,"href":"https:\/\/elconquistadorredloslagos.cl\/test\/wp-json\/wp\/v2\/media\/10546"}],"wp:attachment":[{"href":"https:\/\/elconquistadorredloslagos.cl\/test\/wp-json\/wp\/v2\/media?parent=10543"}],"wp:term":[{"taxonomy":"category","embeddable":true,"href":"https:\/\/elconquistadorredloslagos.cl\/test\/wp-json\/wp\/v2\/categories?post=10543"},{"taxonomy":"post_tag","embeddable":true,"href":"https:\/\/elconquistadorredloslagos.cl\/test\/wp-json\/wp\/v2\/tags?post=10543"}],"curies":[{"name":"wp","href":"https:\/\/api.w.org\/{rel}","templated":true}]}}