{"id":10523,"date":"2025-05-21T11:55:08","date_gmt":"2025-05-21T15:55:08","guid":{"rendered":"https:\/\/elconquistadorredloslagos.cl\/test\/?p=10523"},"modified":"2025-05-21T11:55:09","modified_gmt":"2025-05-21T15:55:09","slug":"dos-incendios-dejan-casas-destruidas-en-zonas-rurales-de-puerto-varas-y-frutillar","status":"publish","type":"post","link":"https:\/\/elconquistadorredloslagos.cl\/test\/blog\/2025\/05\/21\/dos-incendios-dejan-casas-destruidas-en-zonas-rurales-de-puerto-varas-y-frutillar\/","title":{"rendered":"Dos incendios dejan casas destruidas en zonas rurales de Puerto Varas y Frutillar"},"content":{"rendered":"\n<p>Dos viviendas resultaron completamente destruidas tras incendios registrados este martes 20 de mayo en sectores rurales de las comunas de Puerto Varas y Frutillar, en la Regi\u00f3n de Los Lagos.<\/p>\n\n\n\n<p>El primer siniestro ocurri\u00f3 en el kil\u00f3metro 23 de la Ruta CH-225 camino a Ensenada. Hasta el lugar llegaron voluntarios de la Tercera y Sexta Compa\u00f1\u00edas de Bomberos de Puerto Varas, quienes encontraron la vivienda de un piso en fase de decaimiento del fuego. <\/p>\n\n\n\n<p>Las labores se enfocaron en remover escombros tras un incendio multicompartimental que arras\u00f3 con toda la estructura.<\/p>\n\n\n\n<p>Horas m\u00e1s tarde, en Colonia San Mart\u00edn, comuna de Frutillar, se declar\u00f3 una segunda alarma de incendio. Respondieron unidades de las Primera, Tercera y Quinta Compa\u00f1\u00edas de Bomberos, junto a personal de Carabineros del ret\u00e9n de Casma. <\/p>\n\n\n\n<p>Seg\u00fan inform\u00f3 \u00c1lvaro Almonacid, encargado de Emergencias de Frutillar, el fuego consumi\u00f3 por completo el segundo piso de una casa de dos niveles y caus\u00f3 severos da\u00f1os en la planta baja.<\/p>\n\n\n\n<p>Tres personas resultaron damnificadas, entre ellas dos adultos mayores. Afortunadamente, no se reportaron heridos.<\/p>\n\n\n\n<p>\ud83d\udcf7 Redes sociales <\/p>\n","protected":false},"excerpt":{"rendered":"<p>Dos viviendas resultaron completamente destruidas tras incendios registrados este martes 20 de mayo en sectores rurales de las comunas de Puerto Varas y Frutillar, en la Regi\u00f3n de Los Lagos&#8230;<\/p>\n","protected":false},"author":2,"featured_media":10524,"comment_status":"closed","ping_status":"open","sticky":false,"template":"","format":"standard","meta":{"footnotes":""},"categories":[1,28],"tags":[],"class_list":["post-10523","post","type-post","status-publish","format-standard","has-post-thumbnail","hentry","category-acontecer","category-actual"],"rttpg_featured_image_url":{"full":["https:\/\/elconquistadorredloslagos.cl\/test\/wp-content\/uploads\/2025\/05\/Diseno-sin-titulo_20250521_115235_0000.jpg",1920,1080,false],"landscape":["https:\/\/elconquistadorredloslagos.cl\/test\/wp-content\/uploads\/2025\/05\/Diseno-sin-titulo_20250521_115235_0000.jpg",1920,1080,false],"portraits":["https:\/\/elconquistadorredloslagos.cl\/test\/wp-content\/uploads\/2025\/05\/Diseno-sin-titulo_20250521_115235_0000.jpg",1920,1080,false],"thumbnail":["https:\/\/elconquistadorredloslagos.cl\/test\/wp-content\/uploads\/2025\/05\/Diseno-sin-titulo_20250521_115235_0000-150x150.jpg",150,150,true],"medium":["https:\/\/elconquistadorredloslagos.cl\/test\/wp-content\/uploads\/2025\/05\/Diseno-sin-titulo_20250521_115235_0000-300x169.jpg",300,169,true],"large":["https:\/\/elconquistadorredloslagos.cl\/test\/wp-content\/uploads\/2025\/05\/Diseno-sin-titulo_20250521_115235_0000-1024x576.jpg",1024,576,true],"1536x1536":["https:\/\/elconquistadorredloslagos.cl\/test\/wp-content\/uploads\/2025\/05\/Diseno-sin-titulo_20250521_115235_0000-1536x864.jpg",1536,864,true],"2048x2048":["https:\/\/elconquistadorredloslagos.cl\/test\/wp-content\/uploads\/2025\/05\/Diseno-sin-titulo_20250521_115235_0000.jpg",1920,1080,false]},"rttpg_author":{"display_name":"ccardenas","author_link":"https:\/\/elconquistadorredloslagos.cl\/test\/blog\/author\/ccardenas\/"},"rttpg_comment":0,"rttpg_category":"<a href=\"https:\/\/elconquistadorredloslagos.cl\/test\/blog\/category\/actual\/acontecer\/\" rel=\"category tag\">Acontecer<\/a> <a href=\"https:\/\/elconquistadorredloslagos.cl\/test\/blog\/category\/actual\/\" rel=\"category tag\">Actualidad<\/a>","rttpg_excerpt":"Dos viviendas resultaron completamente destruidas tras incendios registrados este martes 20 de mayo en sectores rurales de las comunas de Puerto Varas y Frutillar, en la Regi\u00f3n de Los Lagos...","_links":{"self":[{"href":"https:\/\/elconquistadorredloslagos.cl\/test\/wp-json\/wp\/v2\/posts\/10523","targetHints":{"allow":["GET"]}}],"collection":[{"href":"https:\/\/elconquistadorredloslagos.cl\/test\/wp-json\/wp\/v2\/posts"}],"about":[{"href":"https:\/\/elconquistadorredloslagos.cl\/test\/wp-json\/wp\/v2\/types\/post"}],"author":[{"embeddable":true,"href":"https:\/\/elconquistadorredloslagos.cl\/test\/wp-json\/wp\/v2\/users\/2"}],"replies":[{"embeddable":true,"href":"https:\/\/elconquistadorredloslagos.cl\/test\/wp-json\/wp\/v2\/comments?post=10523"}],"version-history":[{"count":1,"href":"https:\/\/elconquistadorredloslagos.cl\/test\/wp-json\/wp\/v2\/posts\/10523\/revisions"}],"predecessor-version":[{"id":10525,"href":"https:\/\/elconquistadorredloslagos.cl\/test\/wp-json\/wp\/v2\/posts\/10523\/revisions\/10525"}],"wp:featuredmedia":[{"embeddable":true,"href":"https:\/\/elconquistadorredloslagos.cl\/test\/wp-json\/wp\/v2\/media\/10524"}],"wp:attachment":[{"href":"https:\/\/elconquistadorredloslagos.cl\/test\/wp-json\/wp\/v2\/media?parent=10523"}],"wp:term":[{"taxonomy":"category","embeddable":true,"href":"https:\/\/elconquistadorredloslagos.cl\/test\/wp-json\/wp\/v2\/categories?post=10523"},{"taxonomy":"post_tag","embeddable":true,"href":"https:\/\/elconquistadorredloslagos.cl\/test\/wp-json\/wp\/v2\/tags?post=10523"}],"curies":[{"name":"wp","href":"https:\/\/api.w.org\/{rel}","templated":true}]}}