{"id":10515,"date":"2025-05-20T17:57:07","date_gmt":"2025-05-20T21:57:07","guid":{"rendered":"https:\/\/elconquistadorredloslagos.cl\/test\/?p=10515"},"modified":"2025-05-20T17:57:07","modified_gmt":"2025-05-20T21:57:07","slug":"comunicado-senda-los-lagos-despliega-trabajo-territorial-en-provincia-de-palena","status":"publish","type":"post","link":"https:\/\/elconquistadorredloslagos.cl\/test\/blog\/2025\/05\/20\/comunicado-senda-los-lagos-despliega-trabajo-territorial-en-provincia-de-palena\/","title":{"rendered":"Comunicado SENDA Los Lagos despliega trabajo territorial en provincia de Palena"},"content":{"rendered":"\n<p>Una intensa agenda de trabajo despleg\u00f3 SENDA Los Lagos en las comunas de Palena, Chait\u00e9n y Futaleuf\u00fa, impulsando acciones de prevenci\u00f3n del consumo de alcohol y drogas, junto con fortalecer la derivaci\u00f3n y rehabilitaci\u00f3n de personas afectadas.<\/p>\n\n\n\n<p>La directora regional de SENDA Los Lagos, Maritza Canobra, agradeci\u00f3 a las autoridades por el compromiso que nos han manifestado.<\/p>\n\n\n\n<figure class=\"wp-block-audio\"><audio controls src=\"https:\/\/elconquistadorredloslagos.cl\/test\/wp-content\/uploads\/2025\/05\/Directora-Regional-SENDA-Los-Lagos-Maritza-Canobra.mp3\"><\/audio><\/figure>\n\n\n\n<p>El delegado presidencial provincial de Palena, Luis Monta\u00f1a, se\u00f1al\u00f3 destac\u00f3 el despliegue realizado los equipos de SENDA.<\/p>\n\n\n\n<figure class=\"wp-block-audio\"><audio controls src=\"https:\/\/elconquistadorredloslagos.cl\/test\/wp-content\/uploads\/2025\/05\/Delegado-Presidencial-Provincial-Palena-Luis-Montana.mp3\"><\/audio><\/figure>\n\n\n\n<p>Paralelamente, se capacit\u00f3 a equipos de salud en tamizaje, entrevista motivacional y derivaci\u00f3n a tratamiento, con \u00e9nfasis en adolescentes y mujeres gestantes. Tambi\u00e9n se trabaj\u00f3 con equipos educativos para asegurar la aplicaci\u00f3n de programas preventivos en escuelas.<\/p>\n\n\n\n<p>En el Hospital de Chait\u00e9n se inici\u00f3 el programa \u201cTrabajar con Calidad de Vida\u201d, orientado a prevenir el consumo de sustancias entre sus funcionarios. SENDA reafirm\u00f3 su compromiso de ampliar alianzas institucionales y promover la red de atenci\u00f3n gratuita, destacando el Fono Drogas y Alcohol 1412 para apoyo inmediato.<\/p>\n","protected":false},"excerpt":{"rendered":"<p>Una intensa agenda de trabajo despleg\u00f3 SENDA Los Lagos en las comunas de Palena, Chait\u00e9n y Futaleuf\u00fa, impulsando acciones de prevenci\u00f3n del consumo de alcohol y drogas, junto con fortalecer..<\/p>\n","protected":false},"author":2,"featured_media":10518,"comment_status":"closed","ping_status":"open","sticky":false,"template":"","format":"standard","meta":{"footnotes":""},"categories":[1,28],"tags":[],"class_list":["post-10515","post","type-post","status-publish","format-standard","has-post-thumbnail","hentry","category-acontecer","category-actual"],"rttpg_featured_image_url":{"full":["https:\/\/elconquistadorredloslagos.cl\/test\/wp-content\/uploads\/2025\/05\/img-73.jpg",1920,1080,false],"landscape":["https:\/\/elconquistadorredloslagos.cl\/test\/wp-content\/uploads\/2025\/05\/img-73.jpg",1920,1080,false],"portraits":["https:\/\/elconquistadorredloslagos.cl\/test\/wp-content\/uploads\/2025\/05\/img-73.jpg",1920,1080,false],"thumbnail":["https:\/\/elconquistadorredloslagos.cl\/test\/wp-content\/uploads\/2025\/05\/img-73-150x150.jpg",150,150,true],"medium":["https:\/\/elconquistadorredloslagos.cl\/test\/wp-content\/uploads\/2025\/05\/img-73-300x169.jpg",300,169,true],"large":["https:\/\/elconquistadorredloslagos.cl\/test\/wp-content\/uploads\/2025\/05\/img-73-1024x576.jpg",1024,576,true],"1536x1536":["https:\/\/elconquistadorredloslagos.cl\/test\/wp-content\/uploads\/2025\/05\/img-73-1536x864.jpg",1536,864,true],"2048x2048":["https:\/\/elconquistadorredloslagos.cl\/test\/wp-content\/uploads\/2025\/05\/img-73.jpg",1920,1080,false]},"rttpg_author":{"display_name":"ccardenas","author_link":"https:\/\/elconquistadorredloslagos.cl\/test\/blog\/author\/ccardenas\/"},"rttpg_comment":0,"rttpg_category":"<a href=\"https:\/\/elconquistadorredloslagos.cl\/test\/blog\/category\/actual\/acontecer\/\" rel=\"category tag\">Acontecer<\/a> <a href=\"https:\/\/elconquistadorredloslagos.cl\/test\/blog\/category\/actual\/\" rel=\"category tag\">Actualidad<\/a>","rttpg_excerpt":"Una intensa agenda de trabajo despleg\u00f3 SENDA Los Lagos en las comunas de Palena, Chait\u00e9n y Futaleuf\u00fa, impulsando acciones de prevenci\u00f3n del consumo de alcohol y drogas, junto con fortalecer..","_links":{"self":[{"href":"https:\/\/elconquistadorredloslagos.cl\/test\/wp-json\/wp\/v2\/posts\/10515","targetHints":{"allow":["GET"]}}],"collection":[{"href":"https:\/\/elconquistadorredloslagos.cl\/test\/wp-json\/wp\/v2\/posts"}],"about":[{"href":"https:\/\/elconquistadorredloslagos.cl\/test\/wp-json\/wp\/v2\/types\/post"}],"author":[{"embeddable":true,"href":"https:\/\/elconquistadorredloslagos.cl\/test\/wp-json\/wp\/v2\/users\/2"}],"replies":[{"embeddable":true,"href":"https:\/\/elconquistadorredloslagos.cl\/test\/wp-json\/wp\/v2\/comments?post=10515"}],"version-history":[{"count":1,"href":"https:\/\/elconquistadorredloslagos.cl\/test\/wp-json\/wp\/v2\/posts\/10515\/revisions"}],"predecessor-version":[{"id":10519,"href":"https:\/\/elconquistadorredloslagos.cl\/test\/wp-json\/wp\/v2\/posts\/10515\/revisions\/10519"}],"wp:featuredmedia":[{"embeddable":true,"href":"https:\/\/elconquistadorredloslagos.cl\/test\/wp-json\/wp\/v2\/media\/10518"}],"wp:attachment":[{"href":"https:\/\/elconquistadorredloslagos.cl\/test\/wp-json\/wp\/v2\/media?parent=10515"}],"wp:term":[{"taxonomy":"category","embeddable":true,"href":"https:\/\/elconquistadorredloslagos.cl\/test\/wp-json\/wp\/v2\/categories?post=10515"},{"taxonomy":"post_tag","embeddable":true,"href":"https:\/\/elconquistadorredloslagos.cl\/test\/wp-json\/wp\/v2\/tags?post=10515"}],"curies":[{"name":"wp","href":"https:\/\/api.w.org\/{rel}","templated":true}]}}