{"id":10512,"date":"2025-05-20T17:44:42","date_gmt":"2025-05-20T21:44:42","guid":{"rendered":"https:\/\/elconquistadorredloslagos.cl\/test\/?p=10512"},"modified":"2025-05-20T17:44:43","modified_gmt":"2025-05-20T21:44:43","slug":"profesionales-de-chiloe-se-capacitan-en-salud-mental-comunitaria-en-nueva-jornada-organizada-por-el-servicio-de-salud","status":"publish","type":"post","link":"https:\/\/elconquistadorredloslagos.cl\/test\/blog\/2025\/05\/20\/profesionales-de-chiloe-se-capacitan-en-salud-mental-comunitaria-en-nueva-jornada-organizada-por-el-servicio-de-salud\/","title":{"rendered":"Profesionales de Chilo\u00e9 se capacitan en salud mental comunitaria en nueva jornada organizada por el Servicio de Salud"},"content":{"rendered":"\n<p>Una segunda edici\u00f3n del taller para la Formaci\u00f3n de Entrenadores de Facilitadores en Intervenciones Psicosociales Grupales en Atenci\u00f3n Primaria de Salud, se desarroll\u00f3 en Castro organizado por el sub departamento de Salud Mental del Servicio de Salud Chilo\u00e9 y que convoc\u00f3 a profesionales de diferentes comunas de la provincia.<\/p>\n\n\n\n<p>La instancia busca impulsar la estrategia nacional del Ministerio de Salud orientada a la mejora continua de las atenciones de salud mental en la atenci\u00f3n primaria, desde una perspectiva comunitaria.&nbsp;<\/p>\n\n\n\n<p>La nueva jornada comenz\u00f3 con las palabras de bienvenida de la directora, Marcela C\u00e1rcamo, quien enfatiz\u00f3 la importancia de la salud mental y su abordaje en la poblaci\u00f3n insular, palabras a las que se sum\u00f3 el jefe del Subdepartamento, el psic\u00f3logo David Ortega, que acot\u00f3 a los presentes, la importancia de abordar de manera integral las necesidades de salud mental de las personas.<\/p>\n\n\n\n<p>La ocasi\u00f3n fue liderada por las profesionales del el sub departamento de Salud Mental de la instituci\u00f3n, Dra. Loreto Gonz\u00e1lez, psiquiatra asesora y Fanny Briones, trabajadora social, junto a Roc\u00edo Cuy\u00fal, terapeuta ocupacional del Cesfam de Dalcahue, quienes durante el 2024 participaron en la jornada nacional de capacitaci\u00f3n de la estrategia ministerial.<\/p>\n\n\n\n<p>Las intervenciones psicosociales son claves en la atenci\u00f3n primaria de salud, al promover el bienestar mental y social de sus participantes, disminuyendo el estigma y mejorando la accesibilidad a servicios de salud mental.\u00a0 Esta estrategia busca abordar problemas de salud mental de manera colectiva, promoviendo la interacci\u00f3n social y el bienestar comunitario, profundizando en competencias efectivas y herramientas basadas en la experiencia y realidad de cada territorio, que permitan a los equipos de salud brindar un apoyo efectivo y oportuno.<\/p>\n\n\n\n<p><\/p>\n","protected":false},"excerpt":{"rendered":"<p>Una segunda edici\u00f3n del taller para la Formaci\u00f3n de Entrenadores de Facilitadores en Intervenciones Psicosociales Grupales en Atenci\u00f3n Primaria de Salud, se desarroll\u00f3 en Castro organizado por el sub departamento..<\/p>\n","protected":false},"author":2,"featured_media":10513,"comment_status":"closed","ping_status":"open","sticky":false,"template":"","format":"standard","meta":{"footnotes":""},"categories":[1,28,51],"tags":[],"class_list":["post-10512","post","type-post","status-publish","format-standard","has-post-thumbnail","hentry","category-acontecer","category-actual","category-chiloe"],"rttpg_featured_image_url":{"full":["https:\/\/elconquistadorredloslagos.cl\/test\/wp-content\/uploads\/2025\/05\/img-72.jpg",1920,1080,false],"landscape":["https:\/\/elconquistadorredloslagos.cl\/test\/wp-content\/uploads\/2025\/05\/img-72.jpg",1920,1080,false],"portraits":["https:\/\/elconquistadorredloslagos.cl\/test\/wp-content\/uploads\/2025\/05\/img-72.jpg",1920,1080,false],"thumbnail":["https:\/\/elconquistadorredloslagos.cl\/test\/wp-content\/uploads\/2025\/05\/img-72-150x150.jpg",150,150,true],"medium":["https:\/\/elconquistadorredloslagos.cl\/test\/wp-content\/uploads\/2025\/05\/img-72-300x169.jpg",300,169,true],"large":["https:\/\/elconquistadorredloslagos.cl\/test\/wp-content\/uploads\/2025\/05\/img-72-1024x576.jpg",1024,576,true],"1536x1536":["https:\/\/elconquistadorredloslagos.cl\/test\/wp-content\/uploads\/2025\/05\/img-72-1536x864.jpg",1536,864,true],"2048x2048":["https:\/\/elconquistadorredloslagos.cl\/test\/wp-content\/uploads\/2025\/05\/img-72.jpg",1920,1080,false]},"rttpg_author":{"display_name":"ccardenas","author_link":"https:\/\/elconquistadorredloslagos.cl\/test\/blog\/author\/ccardenas\/"},"rttpg_comment":0,"rttpg_category":"<a href=\"https:\/\/elconquistadorredloslagos.cl\/test\/blog\/category\/actual\/acontecer\/\" rel=\"category tag\">Acontecer<\/a> <a href=\"https:\/\/elconquistadorredloslagos.cl\/test\/blog\/category\/actual\/\" rel=\"category tag\">Actualidad<\/a> <a href=\"https:\/\/elconquistadorredloslagos.cl\/test\/blog\/category\/chile\/chiloe\/\" rel=\"category tag\">Chilo\u00e9<\/a>","rttpg_excerpt":"Una segunda edici\u00f3n del taller para la Formaci\u00f3n de Entrenadores de Facilitadores en Intervenciones Psicosociales Grupales en Atenci\u00f3n Primaria de Salud, se desarroll\u00f3 en Castro organizado por el sub departamento..","_links":{"self":[{"href":"https:\/\/elconquistadorredloslagos.cl\/test\/wp-json\/wp\/v2\/posts\/10512","targetHints":{"allow":["GET"]}}],"collection":[{"href":"https:\/\/elconquistadorredloslagos.cl\/test\/wp-json\/wp\/v2\/posts"}],"about":[{"href":"https:\/\/elconquistadorredloslagos.cl\/test\/wp-json\/wp\/v2\/types\/post"}],"author":[{"embeddable":true,"href":"https:\/\/elconquistadorredloslagos.cl\/test\/wp-json\/wp\/v2\/users\/2"}],"replies":[{"embeddable":true,"href":"https:\/\/elconquistadorredloslagos.cl\/test\/wp-json\/wp\/v2\/comments?post=10512"}],"version-history":[{"count":1,"href":"https:\/\/elconquistadorredloslagos.cl\/test\/wp-json\/wp\/v2\/posts\/10512\/revisions"}],"predecessor-version":[{"id":10514,"href":"https:\/\/elconquistadorredloslagos.cl\/test\/wp-json\/wp\/v2\/posts\/10512\/revisions\/10514"}],"wp:featuredmedia":[{"embeddable":true,"href":"https:\/\/elconquistadorredloslagos.cl\/test\/wp-json\/wp\/v2\/media\/10513"}],"wp:attachment":[{"href":"https:\/\/elconquistadorredloslagos.cl\/test\/wp-json\/wp\/v2\/media?parent=10512"}],"wp:term":[{"taxonomy":"category","embeddable":true,"href":"https:\/\/elconquistadorredloslagos.cl\/test\/wp-json\/wp\/v2\/categories?post=10512"},{"taxonomy":"post_tag","embeddable":true,"href":"https:\/\/elconquistadorredloslagos.cl\/test\/wp-json\/wp\/v2\/tags?post=10512"}],"curies":[{"name":"wp","href":"https:\/\/api.w.org\/{rel}","templated":true}]}}