{"id":10507,"date":"2025-05-20T17:29:06","date_gmt":"2025-05-20T21:29:06","guid":{"rendered":"https:\/\/elconquistadorredloslagos.cl\/test\/?p=10507"},"modified":"2025-05-20T17:34:08","modified_gmt":"2025-05-20T21:34:08","slug":"chiloe-jordi-castell-en-el-centro-de-la-polemica-por-soltar-a-sus-perros-en-santuario-de-aves","status":"publish","type":"post","link":"https:\/\/elconquistadorredloslagos.cl\/test\/blog\/2025\/05\/20\/chiloe-jordi-castell-en-el-centro-de-la-polemica-por-soltar-a-sus-perros-en-santuario-de-aves\/","title":{"rendered":"Chilo\u00e9: Jordi Castell en el centro de la pol\u00e9mica por soltar a sus perros en santuario de aves"},"content":{"rendered":"\n<p>Una ola de cr\u00edticas enfrenta el fot\u00f3grafo y comunicador Jordi Castell, luego de que se viralizara un video en el que aparece soltando a sus perros en el Santuario de Aves de Caul\u00edn, Ancud, Chilo\u00e9.<\/p>\n\n\n\n<p>En el registro compartido inicialmente por el propio rostro de televisi\u00f3n en redes sociales, se observa a sus mascotas corriendo libremente por la playa, mientras ahuyentan a aves nativas como flamencos.<\/p>\n\n\n\n<p>La organizaci\u00f3n Defendamos Patagonia &nbsp;reaccion\u00f3 con dureza, acus\u00e1ndolo de incurrir en una conducta da\u00f1ina para la fauna del lugar. \u201cEsperamos que tome conciencia y no vuelva a repetir estas malas pr\u00e1cticas. Usted puede ser un aporte si promueve el respeto a los h\u00e1bitats y la tenencia responsable de mascotas\u201d, se\u00f1alaron.<\/p>\n\n\n\n<p>Junto con ello, en otra publicaci\u00f3n expresaron que: \u201cLa ley Cholito no proh\u00edbe andar con perros sueltos (solo aplica para los considerados \u2018peligrosos\u2019). Esa es una de las tantas graves falencias de esa ley redactada por \u2018mascotistas\u2019, no por expertos, que ha sido subsanada por algunos municipios mediante ordenanzas\u201d.<\/p>\n\n\n\n<p>Usuarios de X (ex Twitter) tambi\u00e9n manifestaron su molestia: \u201cLamentable\u201d, \u201cP\u00e9simo ejemplo\u201d y \u201cOjal\u00e1 se haga responsable\u201d, fueron algunos de los comentarios.<\/p>\n\n\n\n<p>Castell respondi\u00f3 con un mea culpa en Instagram: \u201cGracias a quienes me advirtieron del da\u00f1o que causa esto. No volver\u00e1 a ocurrir\u201d, dijo.<\/p>\n\n\n\n<p>\ud83d\udcf7 (Captura de video) @<a href=\"https:\/\/www.instagram.com\/defendamos_patagonia_\/?e=9eac82d2-f96a-4622-ae20-591059734a44&amp;g=5\">defendamos_patagonia_<\/a> &#8211; Instagram<\/p>\n","protected":false},"excerpt":{"rendered":"<p>Una ola de cr\u00edticas enfrenta el fot\u00f3grafo y comunicador Jordi Castell, luego de que se viralizara un video en el que aparece soltando a sus perros en el Santuario de..<\/p>\n","protected":false},"author":2,"featured_media":10508,"comment_status":"closed","ping_status":"open","sticky":false,"template":"","format":"standard","meta":{"footnotes":""},"categories":[1,28,51],"tags":[],"class_list":["post-10507","post","type-post","status-publish","format-standard","has-post-thumbnail","hentry","category-acontecer","category-actual","category-chiloe"],"rttpg_featured_image_url":{"full":["https:\/\/elconquistadorredloslagos.cl\/test\/wp-content\/uploads\/2025\/05\/img-71.jpg",1920,1080,false],"landscape":["https:\/\/elconquistadorredloslagos.cl\/test\/wp-content\/uploads\/2025\/05\/img-71.jpg",1920,1080,false],"portraits":["https:\/\/elconquistadorredloslagos.cl\/test\/wp-content\/uploads\/2025\/05\/img-71.jpg",1920,1080,false],"thumbnail":["https:\/\/elconquistadorredloslagos.cl\/test\/wp-content\/uploads\/2025\/05\/img-71-150x150.jpg",150,150,true],"medium":["https:\/\/elconquistadorredloslagos.cl\/test\/wp-content\/uploads\/2025\/05\/img-71-300x169.jpg",300,169,true],"large":["https:\/\/elconquistadorredloslagos.cl\/test\/wp-content\/uploads\/2025\/05\/img-71-1024x576.jpg",1024,576,true],"1536x1536":["https:\/\/elconquistadorredloslagos.cl\/test\/wp-content\/uploads\/2025\/05\/img-71-1536x864.jpg",1536,864,true],"2048x2048":["https:\/\/elconquistadorredloslagos.cl\/test\/wp-content\/uploads\/2025\/05\/img-71.jpg",1920,1080,false]},"rttpg_author":{"display_name":"ccardenas","author_link":"https:\/\/elconquistadorredloslagos.cl\/test\/blog\/author\/ccardenas\/"},"rttpg_comment":0,"rttpg_category":"<a href=\"https:\/\/elconquistadorredloslagos.cl\/test\/blog\/category\/actual\/acontecer\/\" rel=\"category tag\">Acontecer<\/a> <a href=\"https:\/\/elconquistadorredloslagos.cl\/test\/blog\/category\/actual\/\" rel=\"category tag\">Actualidad<\/a> <a href=\"https:\/\/elconquistadorredloslagos.cl\/test\/blog\/category\/chile\/chiloe\/\" rel=\"category tag\">Chilo\u00e9<\/a>","rttpg_excerpt":"Una ola de cr\u00edticas enfrenta el fot\u00f3grafo y comunicador Jordi Castell, luego de que se viralizara un video en el que aparece soltando a sus perros en el Santuario de..","_links":{"self":[{"href":"https:\/\/elconquistadorredloslagos.cl\/test\/wp-json\/wp\/v2\/posts\/10507","targetHints":{"allow":["GET"]}}],"collection":[{"href":"https:\/\/elconquistadorredloslagos.cl\/test\/wp-json\/wp\/v2\/posts"}],"about":[{"href":"https:\/\/elconquistadorredloslagos.cl\/test\/wp-json\/wp\/v2\/types\/post"}],"author":[{"embeddable":true,"href":"https:\/\/elconquistadorredloslagos.cl\/test\/wp-json\/wp\/v2\/users\/2"}],"replies":[{"embeddable":true,"href":"https:\/\/elconquistadorredloslagos.cl\/test\/wp-json\/wp\/v2\/comments?post=10507"}],"version-history":[{"count":2,"href":"https:\/\/elconquistadorredloslagos.cl\/test\/wp-json\/wp\/v2\/posts\/10507\/revisions"}],"predecessor-version":[{"id":10510,"href":"https:\/\/elconquistadorredloslagos.cl\/test\/wp-json\/wp\/v2\/posts\/10507\/revisions\/10510"}],"wp:featuredmedia":[{"embeddable":true,"href":"https:\/\/elconquistadorredloslagos.cl\/test\/wp-json\/wp\/v2\/media\/10508"}],"wp:attachment":[{"href":"https:\/\/elconquistadorredloslagos.cl\/test\/wp-json\/wp\/v2\/media?parent=10507"}],"wp:term":[{"taxonomy":"category","embeddable":true,"href":"https:\/\/elconquistadorredloslagos.cl\/test\/wp-json\/wp\/v2\/categories?post=10507"},{"taxonomy":"post_tag","embeddable":true,"href":"https:\/\/elconquistadorredloslagos.cl\/test\/wp-json\/wp\/v2\/tags?post=10507"}],"curies":[{"name":"wp","href":"https:\/\/api.w.org\/{rel}","templated":true}]}}