{"id":10504,"date":"2025-05-20T17:43:03","date_gmt":"2025-05-20T21:43:03","guid":{"rendered":"https:\/\/elconquistadorredloslagos.cl\/test\/?p=10504"},"modified":"2025-05-20T17:43:04","modified_gmt":"2025-05-20T21:43:04","slug":"los-lagos-invitan-a-personas-mayores-a-protegerse-contra-la-influenza","status":"publish","type":"post","link":"https:\/\/elconquistadorredloslagos.cl\/test\/blog\/2025\/05\/20\/los-lagos-invitan-a-personas-mayores-a-protegerse-contra-la-influenza\/","title":{"rendered":"Los Lagos: invitan a personas mayores a protegerse contra la Influenza"},"content":{"rendered":"\n<p>Si bien la regi\u00f3n de Los Lagos presenta un avance de la Campa\u00f1a de Vacunaci\u00f3n 2025 mayor que el promedio nacional, existe una menor cobertura en las personas mayores de 60 a\u00f1os.<\/p>\n\n\n\n<p>En este contexto, la seremi de Gobierno, Danitza Ortiz, se\u00f1al\u00f3 que es prioritario que las personas mayores de la regi\u00f3n acudan a los puntos de vacunaci\u00f3n y que sigan todas las recomendaciones del Ministerio de Salud para as\u00ed evitar las consecuencias de las enfermedades respiratorias.<\/p>\n\n\n\n<figure class=\"wp-block-audio\"><audio controls src=\"https:\/\/elconquistadorredloslagos.cl\/test\/wp-content\/uploads\/2025\/05\/CUNA-SEREMI.mp3\"><\/audio><\/figure>\n\n\n\n<p>Para este invierno el Ministerio de Salud ha implementado diferentes estrategias para proteger a la poblaci\u00f3n y existen puntos de vacunaci\u00f3n en todo el pa\u00eds y durante todos los d\u00edas de la semana. Pueden revisar los vacunatorios disponibles en el sitio web mevacuno.cl.<\/p>\n","protected":false},"excerpt":{"rendered":"<p>Si bien la regi\u00f3n de Los Lagos presenta un avance de la Campa\u00f1a de Vacunaci\u00f3n 2025 mayor que el promedio nacional, existe una menor cobertura en las personas mayores de..<\/p>\n","protected":false},"author":2,"featured_media":10506,"comment_status":"closed","ping_status":"open","sticky":false,"template":"","format":"standard","meta":{"footnotes":""},"categories":[1,28,56],"tags":[],"class_list":["post-10504","post","type-post","status-publish","format-standard","has-post-thumbnail","hentry","category-acontecer","category-actual","category-puerto-montt"],"rttpg_featured_image_url":{"full":["https:\/\/elconquistadorredloslagos.cl\/test\/wp-content\/uploads\/2025\/05\/Diseno-sin-titulo-10.jpg",1920,1080,false],"landscape":["https:\/\/elconquistadorredloslagos.cl\/test\/wp-content\/uploads\/2025\/05\/Diseno-sin-titulo-10.jpg",1920,1080,false],"portraits":["https:\/\/elconquistadorredloslagos.cl\/test\/wp-content\/uploads\/2025\/05\/Diseno-sin-titulo-10.jpg",1920,1080,false],"thumbnail":["https:\/\/elconquistadorredloslagos.cl\/test\/wp-content\/uploads\/2025\/05\/Diseno-sin-titulo-10-150x150.jpg",150,150,true],"medium":["https:\/\/elconquistadorredloslagos.cl\/test\/wp-content\/uploads\/2025\/05\/Diseno-sin-titulo-10-300x169.jpg",300,169,true],"large":["https:\/\/elconquistadorredloslagos.cl\/test\/wp-content\/uploads\/2025\/05\/Diseno-sin-titulo-10-1024x576.jpg",1024,576,true],"1536x1536":["https:\/\/elconquistadorredloslagos.cl\/test\/wp-content\/uploads\/2025\/05\/Diseno-sin-titulo-10-1536x864.jpg",1536,864,true],"2048x2048":["https:\/\/elconquistadorredloslagos.cl\/test\/wp-content\/uploads\/2025\/05\/Diseno-sin-titulo-10.jpg",1920,1080,false]},"rttpg_author":{"display_name":"ccardenas","author_link":"https:\/\/elconquistadorredloslagos.cl\/test\/blog\/author\/ccardenas\/"},"rttpg_comment":0,"rttpg_category":"<a href=\"https:\/\/elconquistadorredloslagos.cl\/test\/blog\/category\/actual\/acontecer\/\" rel=\"category tag\">Acontecer<\/a> <a href=\"https:\/\/elconquistadorredloslagos.cl\/test\/blog\/category\/actual\/\" rel=\"category tag\">Actualidad<\/a> <a href=\"https:\/\/elconquistadorredloslagos.cl\/test\/blog\/category\/chile\/puerto-montt\/\" rel=\"category tag\">Puerto Montt<\/a>","rttpg_excerpt":"Si bien la regi\u00f3n de Los Lagos presenta un avance de la Campa\u00f1a de Vacunaci\u00f3n 2025 mayor que el promedio nacional, existe una menor cobertura en las personas mayores de..","_links":{"self":[{"href":"https:\/\/elconquistadorredloslagos.cl\/test\/wp-json\/wp\/v2\/posts\/10504","targetHints":{"allow":["GET"]}}],"collection":[{"href":"https:\/\/elconquistadorredloslagos.cl\/test\/wp-json\/wp\/v2\/posts"}],"about":[{"href":"https:\/\/elconquistadorredloslagos.cl\/test\/wp-json\/wp\/v2\/types\/post"}],"author":[{"embeddable":true,"href":"https:\/\/elconquistadorredloslagos.cl\/test\/wp-json\/wp\/v2\/users\/2"}],"replies":[{"embeddable":true,"href":"https:\/\/elconquistadorredloslagos.cl\/test\/wp-json\/wp\/v2\/comments?post=10504"}],"version-history":[{"count":1,"href":"https:\/\/elconquistadorredloslagos.cl\/test\/wp-json\/wp\/v2\/posts\/10504\/revisions"}],"predecessor-version":[{"id":10511,"href":"https:\/\/elconquistadorredloslagos.cl\/test\/wp-json\/wp\/v2\/posts\/10504\/revisions\/10511"}],"wp:featuredmedia":[{"embeddable":true,"href":"https:\/\/elconquistadorredloslagos.cl\/test\/wp-json\/wp\/v2\/media\/10506"}],"wp:attachment":[{"href":"https:\/\/elconquistadorredloslagos.cl\/test\/wp-json\/wp\/v2\/media?parent=10504"}],"wp:term":[{"taxonomy":"category","embeddable":true,"href":"https:\/\/elconquistadorredloslagos.cl\/test\/wp-json\/wp\/v2\/categories?post=10504"},{"taxonomy":"post_tag","embeddable":true,"href":"https:\/\/elconquistadorredloslagos.cl\/test\/wp-json\/wp\/v2\/tags?post=10504"}],"curies":[{"name":"wp","href":"https:\/\/api.w.org\/{rel}","templated":true}]}}