{"id":10501,"date":"2025-05-20T12:10:27","date_gmt":"2025-05-20T16:10:27","guid":{"rendered":"https:\/\/elconquistadorredloslagos.cl\/test\/?p=10501"},"modified":"2025-05-20T12:10:28","modified_gmt":"2025-05-20T16:10:28","slug":"buzo-muere-en-tenaun-tras-descompensarse-antes-de-faena-maritima","status":"publish","type":"post","link":"https:\/\/elconquistadorredloslagos.cl\/test\/blog\/2025\/05\/20\/buzo-muere-en-tenaun-tras-descompensarse-antes-de-faena-maritima\/","title":{"rendered":"Buzo muere en Tena\u00fan tras descompensarse antes de faena mar\u00edtima"},"content":{"rendered":"\n<p>Un buzo falleci\u00f3 la ma\u00f1ana del lunes en la localidad de Tena\u00fan comuna de Dalcahue, luego de sufrir un malestar mientras se preparaba para iniciar labores de buceo. La emergencia fue reportada en horas de la ma\u00f1ana a la Capitan\u00eda de Puerto de Quemchi, desde donde se activ\u00f3 un operativo de evacuaci\u00f3n.<\/p>\n\n\n\n<p>Seg\u00fan inform\u00f3 el capit\u00e1n de Puerto, Claudio Reyes, fue el patr\u00f3n de la lancha quien alert\u00f3 que el hombre de mar present\u00f3 s\u00edntomas de descompensaci\u00f3n, por lo que fue trasladado a la rampa de Tena\u00fan. Pese a la atenci\u00f3n prestada por personal de enfermer\u00eda rural, el hombre falleci\u00f3 a las 10.38 horas.<\/p>\n\n\n\n<p>Personal de la Armada se traslad\u00f3 al lugar para verificar los hechos, y la Fiscal\u00eda orden\u00f3 la intervenci\u00f3n de la Secci\u00f3n de Investigaci\u00f3n Policial (SIP) de Carabineros, adem\u00e1s de la incautaci\u00f3n del equipo de buceo. Se investiga si los implementos y permisos estaban en regla o si hubo alguna responsabilidad del patr\u00f3n de la nave.<\/p>\n\n\n\n<p>El cuerpo fue derivado al Servicio M\u00e9dico Legal (SML)para determinar las causas exactas del deceso.<\/p>\n\n\n\n<p>\ud83d\udcf7 Redes sociales<\/p>\n","protected":false},"excerpt":{"rendered":"<p>Un buzo falleci\u00f3 la ma\u00f1ana del lunes en la localidad de Tena\u00fan comuna de Dalcahue, luego de sufrir un malestar mientras se preparaba para iniciar labores de buceo. La emergencia..<\/p>\n","protected":false},"author":2,"featured_media":10502,"comment_status":"closed","ping_status":"open","sticky":false,"template":"","format":"standard","meta":{"footnotes":""},"categories":[1,28,51],"tags":[],"class_list":["post-10501","post","type-post","status-publish","format-standard","has-post-thumbnail","hentry","category-acontecer","category-actual","category-chiloe"],"rttpg_featured_image_url":{"full":["https:\/\/elconquistadorredloslagos.cl\/test\/wp-content\/uploads\/2025\/05\/Diseno-sin-titulo-9.jpg",1920,1080,false],"landscape":["https:\/\/elconquistadorredloslagos.cl\/test\/wp-content\/uploads\/2025\/05\/Diseno-sin-titulo-9.jpg",1920,1080,false],"portraits":["https:\/\/elconquistadorredloslagos.cl\/test\/wp-content\/uploads\/2025\/05\/Diseno-sin-titulo-9.jpg",1920,1080,false],"thumbnail":["https:\/\/elconquistadorredloslagos.cl\/test\/wp-content\/uploads\/2025\/05\/Diseno-sin-titulo-9-150x150.jpg",150,150,true],"medium":["https:\/\/elconquistadorredloslagos.cl\/test\/wp-content\/uploads\/2025\/05\/Diseno-sin-titulo-9-300x169.jpg",300,169,true],"large":["https:\/\/elconquistadorredloslagos.cl\/test\/wp-content\/uploads\/2025\/05\/Diseno-sin-titulo-9-1024x576.jpg",1024,576,true],"1536x1536":["https:\/\/elconquistadorredloslagos.cl\/test\/wp-content\/uploads\/2025\/05\/Diseno-sin-titulo-9-1536x864.jpg",1536,864,true],"2048x2048":["https:\/\/elconquistadorredloslagos.cl\/test\/wp-content\/uploads\/2025\/05\/Diseno-sin-titulo-9.jpg",1920,1080,false]},"rttpg_author":{"display_name":"ccardenas","author_link":"https:\/\/elconquistadorredloslagos.cl\/test\/blog\/author\/ccardenas\/"},"rttpg_comment":0,"rttpg_category":"<a href=\"https:\/\/elconquistadorredloslagos.cl\/test\/blog\/category\/actual\/acontecer\/\" rel=\"category tag\">Acontecer<\/a> <a href=\"https:\/\/elconquistadorredloslagos.cl\/test\/blog\/category\/actual\/\" rel=\"category tag\">Actualidad<\/a> <a href=\"https:\/\/elconquistadorredloslagos.cl\/test\/blog\/category\/chile\/chiloe\/\" rel=\"category tag\">Chilo\u00e9<\/a>","rttpg_excerpt":"Un buzo falleci\u00f3 la ma\u00f1ana del lunes en la localidad de Tena\u00fan comuna de Dalcahue, luego de sufrir un malestar mientras se preparaba para iniciar labores de buceo. La emergencia..","_links":{"self":[{"href":"https:\/\/elconquistadorredloslagos.cl\/test\/wp-json\/wp\/v2\/posts\/10501","targetHints":{"allow":["GET"]}}],"collection":[{"href":"https:\/\/elconquistadorredloslagos.cl\/test\/wp-json\/wp\/v2\/posts"}],"about":[{"href":"https:\/\/elconquistadorredloslagos.cl\/test\/wp-json\/wp\/v2\/types\/post"}],"author":[{"embeddable":true,"href":"https:\/\/elconquistadorredloslagos.cl\/test\/wp-json\/wp\/v2\/users\/2"}],"replies":[{"embeddable":true,"href":"https:\/\/elconquistadorredloslagos.cl\/test\/wp-json\/wp\/v2\/comments?post=10501"}],"version-history":[{"count":1,"href":"https:\/\/elconquistadorredloslagos.cl\/test\/wp-json\/wp\/v2\/posts\/10501\/revisions"}],"predecessor-version":[{"id":10503,"href":"https:\/\/elconquistadorredloslagos.cl\/test\/wp-json\/wp\/v2\/posts\/10501\/revisions\/10503"}],"wp:featuredmedia":[{"embeddable":true,"href":"https:\/\/elconquistadorredloslagos.cl\/test\/wp-json\/wp\/v2\/media\/10502"}],"wp:attachment":[{"href":"https:\/\/elconquistadorredloslagos.cl\/test\/wp-json\/wp\/v2\/media?parent=10501"}],"wp:term":[{"taxonomy":"category","embeddable":true,"href":"https:\/\/elconquistadorredloslagos.cl\/test\/wp-json\/wp\/v2\/categories?post=10501"},{"taxonomy":"post_tag","embeddable":true,"href":"https:\/\/elconquistadorredloslagos.cl\/test\/wp-json\/wp\/v2\/tags?post=10501"}],"curies":[{"name":"wp","href":"https:\/\/api.w.org\/{rel}","templated":true}]}}