{"id":10498,"date":"2025-05-20T11:47:34","date_gmt":"2025-05-20T15:47:34","guid":{"rendered":"https:\/\/elconquistadorredloslagos.cl\/test\/?p=10498"},"modified":"2025-05-20T11:47:35","modified_gmt":"2025-05-20T15:47:35","slug":"imputado-por-agresion-a-ex-pareja-quedo-con-medidas-cautelares-en-puerto-varas","status":"publish","type":"post","link":"https:\/\/elconquistadorredloslagos.cl\/test\/blog\/2025\/05\/20\/imputado-por-agresion-a-ex-pareja-quedo-con-medidas-cautelares-en-puerto-varas\/","title":{"rendered":"Imputado por agresi\u00f3n a ex pareja qued\u00f3 con medidas cautelares en Puerto Varas"},"content":{"rendered":"\n<p>El Juzgado de Garant\u00eda de Puerto Varas decret\u00f3 medidas cautelares contra un hombre acusado de agredir con un arma blanca a su ex pareja, en un hecho ocurrido la tarde del domingo 18 de mayo en la parcelaci\u00f3n Santa Elena. El imputado qued\u00f3 con prohibici\u00f3n de acercarse a la v\u00edctima y arraigo nacional, mientras se fij\u00f3 un plazo de 60 d\u00edas para la investigaci\u00f3n.<\/p>\n\n\n\n<p>Seg\u00fan relat\u00f3 el fiscal jefe de Puerto Varas, Luis Barr\u00eda, la denuncia fue realizada cerca de las 19.00 de aquella jornada dominical. La v\u00edctima acus\u00f3 haber recibido dos pu\u00f1aladas por parte del padre de su hijo, quien adem\u00e1s se habr\u00eda escondido en su domicilio con el menor. Sin embargo, detectives de la Polic\u00eda de Investigaciones (PDI) descartaron que el sujeto se encontrara atrincherado y tambi\u00e9n que se tratara de un femicidio frustrado.<\/p>\n\n\n\n<p>Tras obtener autorizaci\u00f3n judicial, los efectivos de la polic\u00eda civil ingresaron a la vivienda deteniendo al acusado por lesiones menos graves en contexto de violencia intrafamiliar.<\/p>\n\n\n\n<p>El abogado de la v\u00edctima, C\u00e9sar Garnica, anunci\u00f3 que apelar\u00e1n las medidas solicitando prisi\u00f3n preventiva o arresto domiciliario total, argumentando una historia de maltratos sistem\u00e1ticos. Adem\u00e1s, asegur\u00f3 contar con registros audiovisuales que sustentar\u00edan su solicitud ante la Corte de Apelaciones de Puerto Montt.<\/p>\n\n\n\n<p>\ud83d\udcf7 (Captura de video) Redes sociales<\/p>\n","protected":false},"excerpt":{"rendered":"<p>El Juzgado de Garant\u00eda de Puerto Varas decret\u00f3 medidas cautelares contra un hombre acusado de agredir con un arma blanca a su ex pareja, en un hecho ocurrido la tarde..<\/p>\n","protected":false},"author":2,"featured_media":10499,"comment_status":"closed","ping_status":"open","sticky":false,"template":"","format":"standard","meta":{"footnotes":""},"categories":[1,28,54],"tags":[],"class_list":["post-10498","post","type-post","status-publish","format-standard","has-post-thumbnail","hentry","category-acontecer","category-actual","category-lago-llanquihue"],"rttpg_featured_image_url":{"full":["https:\/\/elconquistadorredloslagos.cl\/test\/wp-content\/uploads\/2025\/05\/Diseno-sin-titulo-8.jpg",1920,1080,false],"landscape":["https:\/\/elconquistadorredloslagos.cl\/test\/wp-content\/uploads\/2025\/05\/Diseno-sin-titulo-8.jpg",1920,1080,false],"portraits":["https:\/\/elconquistadorredloslagos.cl\/test\/wp-content\/uploads\/2025\/05\/Diseno-sin-titulo-8.jpg",1920,1080,false],"thumbnail":["https:\/\/elconquistadorredloslagos.cl\/test\/wp-content\/uploads\/2025\/05\/Diseno-sin-titulo-8-150x150.jpg",150,150,true],"medium":["https:\/\/elconquistadorredloslagos.cl\/test\/wp-content\/uploads\/2025\/05\/Diseno-sin-titulo-8-300x169.jpg",300,169,true],"large":["https:\/\/elconquistadorredloslagos.cl\/test\/wp-content\/uploads\/2025\/05\/Diseno-sin-titulo-8-1024x576.jpg",1024,576,true],"1536x1536":["https:\/\/elconquistadorredloslagos.cl\/test\/wp-content\/uploads\/2025\/05\/Diseno-sin-titulo-8-1536x864.jpg",1536,864,true],"2048x2048":["https:\/\/elconquistadorredloslagos.cl\/test\/wp-content\/uploads\/2025\/05\/Diseno-sin-titulo-8.jpg",1920,1080,false]},"rttpg_author":{"display_name":"ccardenas","author_link":"https:\/\/elconquistadorredloslagos.cl\/test\/blog\/author\/ccardenas\/"},"rttpg_comment":0,"rttpg_category":"<a href=\"https:\/\/elconquistadorredloslagos.cl\/test\/blog\/category\/actual\/acontecer\/\" rel=\"category tag\">Acontecer<\/a> <a href=\"https:\/\/elconquistadorredloslagos.cl\/test\/blog\/category\/actual\/\" rel=\"category tag\">Actualidad<\/a> <a href=\"https:\/\/elconquistadorredloslagos.cl\/test\/blog\/category\/chile\/lago-llanquihue\/\" rel=\"category tag\">Lago LLanquihue<\/a>","rttpg_excerpt":"El Juzgado de Garant\u00eda de Puerto Varas decret\u00f3 medidas cautelares contra un hombre acusado de agredir con un arma blanca a su ex pareja, en un hecho ocurrido la tarde..","_links":{"self":[{"href":"https:\/\/elconquistadorredloslagos.cl\/test\/wp-json\/wp\/v2\/posts\/10498","targetHints":{"allow":["GET"]}}],"collection":[{"href":"https:\/\/elconquistadorredloslagos.cl\/test\/wp-json\/wp\/v2\/posts"}],"about":[{"href":"https:\/\/elconquistadorredloslagos.cl\/test\/wp-json\/wp\/v2\/types\/post"}],"author":[{"embeddable":true,"href":"https:\/\/elconquistadorredloslagos.cl\/test\/wp-json\/wp\/v2\/users\/2"}],"replies":[{"embeddable":true,"href":"https:\/\/elconquistadorredloslagos.cl\/test\/wp-json\/wp\/v2\/comments?post=10498"}],"version-history":[{"count":1,"href":"https:\/\/elconquistadorredloslagos.cl\/test\/wp-json\/wp\/v2\/posts\/10498\/revisions"}],"predecessor-version":[{"id":10500,"href":"https:\/\/elconquistadorredloslagos.cl\/test\/wp-json\/wp\/v2\/posts\/10498\/revisions\/10500"}],"wp:featuredmedia":[{"embeddable":true,"href":"https:\/\/elconquistadorredloslagos.cl\/test\/wp-json\/wp\/v2\/media\/10499"}],"wp:attachment":[{"href":"https:\/\/elconquistadorredloslagos.cl\/test\/wp-json\/wp\/v2\/media?parent=10498"}],"wp:term":[{"taxonomy":"category","embeddable":true,"href":"https:\/\/elconquistadorredloslagos.cl\/test\/wp-json\/wp\/v2\/categories?post=10498"},{"taxonomy":"post_tag","embeddable":true,"href":"https:\/\/elconquistadorredloslagos.cl\/test\/wp-json\/wp\/v2\/tags?post=10498"}],"curies":[{"name":"wp","href":"https:\/\/api.w.org\/{rel}","templated":true}]}}