{"id":10495,"date":"2025-05-20T10:55:16","date_gmt":"2025-05-20T14:55:16","guid":{"rendered":"https:\/\/elconquistadorredloslagos.cl\/test\/?p=10495"},"modified":"2025-05-20T10:55:18","modified_gmt":"2025-05-20T14:55:18","slug":"trabajador-sube-a-grua-en-protesta-por-sueldos-impagos-en-contao","status":"publish","type":"post","link":"https:\/\/elconquistadorredloslagos.cl\/test\/blog\/2025\/05\/20\/trabajador-sube-a-grua-en-protesta-por-sueldos-impagos-en-contao\/","title":{"rendered":"Trabajador sube a gr\u00faa en protesta por sueldos impagos en Contao"},"content":{"rendered":"\n<p>Una tensa jornada se vivi\u00f3 en la localidad de Contao, comuna de Hualaihu\u00e9, luego de que un trabajador se encaramara en una gr\u00faa pluma como forma de protesta por el no pago de su sueldo. El hombre, operador de maquinaria en las obras de construcci\u00f3n del consultorio local, denunci\u00f3 que no ha recibido su remuneraci\u00f3n por parte de la empresa subcontratista para la que trabaja.<\/p>\n\n\n\n<p>El proyecto est\u00e1 siendo ejecutado por la constructora Luis Navarro, pero el operario pertenece a una firma contratista secundaria, seg\u00fan trascendidos.<\/p>\n\n\n\n<p>La situaci\u00f3n se agrav\u00f3 durante la noche, cuando el manifestante encendi\u00f3 una bengala desde la cabina de la gr\u00faa, lo que provoc\u00f3 alarma entre los vecinos al temerse un posible incendio, lo cual fue posteriormente descartado.<\/p>\n\n\n\n<p>Se indic\u00f3 que no ser\u00eda el \u00fanico afectado, dado que otros empleados de la obra estar\u00edan enfrentando similares retrasos en sus pagos. La manifestaci\u00f3n ha puesto en evidencia conflictos entre contratistas en obras p\u00fablicas y sus trabajadores, generando preocupaci\u00f3n en la comunidad local.<\/p>\n\n\n\n<p>\ud83d\udcf7 Redes sociales<\/p>\n","protected":false},"excerpt":{"rendered":"<p>Una tensa jornada se vivi\u00f3 en la localidad de Contao, comuna de Hualaihu\u00e9, luego de que un trabajador se encaramara en una gr\u00faa pluma como forma de protesta por el..<\/p>\n","protected":false},"author":2,"featured_media":10496,"comment_status":"closed","ping_status":"open","sticky":false,"template":"","format":"standard","meta":{"footnotes":""},"categories":[1,28],"tags":[],"class_list":["post-10495","post","type-post","status-publish","format-standard","has-post-thumbnail","hentry","category-acontecer","category-actual"],"rttpg_featured_image_url":{"full":["https:\/\/elconquistadorredloslagos.cl\/test\/wp-content\/uploads\/2025\/05\/1000004454.jpg",1920,1080,false],"landscape":["https:\/\/elconquistadorredloslagos.cl\/test\/wp-content\/uploads\/2025\/05\/1000004454.jpg",1920,1080,false],"portraits":["https:\/\/elconquistadorredloslagos.cl\/test\/wp-content\/uploads\/2025\/05\/1000004454.jpg",1920,1080,false],"thumbnail":["https:\/\/elconquistadorredloslagos.cl\/test\/wp-content\/uploads\/2025\/05\/1000004454-150x150.jpg",150,150,true],"medium":["https:\/\/elconquistadorredloslagos.cl\/test\/wp-content\/uploads\/2025\/05\/1000004454-300x169.jpg",300,169,true],"large":["https:\/\/elconquistadorredloslagos.cl\/test\/wp-content\/uploads\/2025\/05\/1000004454-1024x576.jpg",1024,576,true],"1536x1536":["https:\/\/elconquistadorredloslagos.cl\/test\/wp-content\/uploads\/2025\/05\/1000004454-1536x864.jpg",1536,864,true],"2048x2048":["https:\/\/elconquistadorredloslagos.cl\/test\/wp-content\/uploads\/2025\/05\/1000004454.jpg",1920,1080,false]},"rttpg_author":{"display_name":"ccardenas","author_link":"https:\/\/elconquistadorredloslagos.cl\/test\/blog\/author\/ccardenas\/"},"rttpg_comment":0,"rttpg_category":"<a href=\"https:\/\/elconquistadorredloslagos.cl\/test\/blog\/category\/actual\/acontecer\/\" rel=\"category tag\">Acontecer<\/a> <a href=\"https:\/\/elconquistadorredloslagos.cl\/test\/blog\/category\/actual\/\" rel=\"category tag\">Actualidad<\/a>","rttpg_excerpt":"Una tensa jornada se vivi\u00f3 en la localidad de Contao, comuna de Hualaihu\u00e9, luego de que un trabajador se encaramara en una gr\u00faa pluma como forma de protesta por el..","_links":{"self":[{"href":"https:\/\/elconquistadorredloslagos.cl\/test\/wp-json\/wp\/v2\/posts\/10495","targetHints":{"allow":["GET"]}}],"collection":[{"href":"https:\/\/elconquistadorredloslagos.cl\/test\/wp-json\/wp\/v2\/posts"}],"about":[{"href":"https:\/\/elconquistadorredloslagos.cl\/test\/wp-json\/wp\/v2\/types\/post"}],"author":[{"embeddable":true,"href":"https:\/\/elconquistadorredloslagos.cl\/test\/wp-json\/wp\/v2\/users\/2"}],"replies":[{"embeddable":true,"href":"https:\/\/elconquistadorredloslagos.cl\/test\/wp-json\/wp\/v2\/comments?post=10495"}],"version-history":[{"count":1,"href":"https:\/\/elconquistadorredloslagos.cl\/test\/wp-json\/wp\/v2\/posts\/10495\/revisions"}],"predecessor-version":[{"id":10497,"href":"https:\/\/elconquistadorredloslagos.cl\/test\/wp-json\/wp\/v2\/posts\/10495\/revisions\/10497"}],"wp:featuredmedia":[{"embeddable":true,"href":"https:\/\/elconquistadorredloslagos.cl\/test\/wp-json\/wp\/v2\/media\/10496"}],"wp:attachment":[{"href":"https:\/\/elconquistadorredloslagos.cl\/test\/wp-json\/wp\/v2\/media?parent=10495"}],"wp:term":[{"taxonomy":"category","embeddable":true,"href":"https:\/\/elconquistadorredloslagos.cl\/test\/wp-json\/wp\/v2\/categories?post=10495"},{"taxonomy":"post_tag","embeddable":true,"href":"https:\/\/elconquistadorredloslagos.cl\/test\/wp-json\/wp\/v2\/tags?post=10495"}],"curies":[{"name":"wp","href":"https:\/\/api.w.org\/{rel}","templated":true}]}}