{"id":10492,"date":"2025-05-20T10:35:54","date_gmt":"2025-05-20T14:35:54","guid":{"rendered":"https:\/\/elconquistadorredloslagos.cl\/test\/?p=10492"},"modified":"2025-05-20T10:35:55","modified_gmt":"2025-05-20T14:35:55","slug":"comite-de-ministros-aprueba-polemico-proyecto-electrico-entre-llanquihue-y-chiloe","status":"publish","type":"post","link":"https:\/\/elconquistadorredloslagos.cl\/test\/blog\/2025\/05\/20\/comite-de-ministros-aprueba-polemico-proyecto-electrico-entre-llanquihue-y-chiloe\/","title":{"rendered":"Comit\u00e9 de Ministros aprueba pol\u00e9mico proyecto el\u00e9ctrico entre Llanquihue y Chilo\u00e9"},"content":{"rendered":"\n<p>El Comit\u00e9 de Ministros aprob\u00f3 este lunes en Santiago el cuestionado proyecto de transmisi\u00f3n el\u00e9ctrica que conectar\u00e1 las subestaciones Tineo, en Llanquihue, y la proyectada Nueva Ancud, en Chilo\u00e9.<\/p>\n\n\n\n<p>La iniciativa impulsada por la empresa Transelec, contempla una inversi\u00f3n de 107 millones de d\u00f3lares, con 251 torres de alta tensi\u00f3n a lo largo de 95 kil\u00f3metros, incluyendo un cruce a\u00e9reo de 4,6 kil\u00f3metros sobre el Canal de Chacao.<\/p>\n\n\n\n<p>Pese a los recursos de reclamaci\u00f3n presentados, el comit\u00e9 liderado por la ministra de Medio Ambiente, Maisa Rojas, ratific\u00f3 la resoluci\u00f3n ambiental favorable emitida por la Comisi\u00f3n de Evaluaci\u00f3n Ambiental (COEVA) de Los Lagos, incorporando mejoras en el monitoreo de aguas subterr\u00e1neas.<\/p>\n\n\n\n<p>El proyecto, seg\u00fan la empresa, busca reforzar el suministro el\u00e9ctrico en la isla, garantizar redundancia y facilitar la incorporaci\u00f3n de energ\u00edas renovables.<\/p>\n\n\n\n<p>Sin embargo, la decisi\u00f3n gener\u00f3 rechazo en comunidades locales y autoridades como el alcalde de Ancud, Andr\u00e9s Ojeda, quien cuestion\u00f3 la contradicci\u00f3n entre promover el turismo sustentable y permitir una intervenci\u00f3n de este tipo.<\/p>\n\n\n\n<p>Organizaciones como Defendamos Chilo\u00e9 acusan da\u00f1o ecosist\u00e9mico, exclusi\u00f3n de comunidades huilliches y califican la aprobaci\u00f3n como una nueva muestra de abandono estatal hacia el Archipi\u00e9lago.<\/p>\n\n\n\n<p>\ud83d\udcf7 Redes sociales<\/p>\n","protected":false},"excerpt":{"rendered":"<p>El Comit\u00e9 de Ministros aprob\u00f3 este lunes en Santiago el cuestionado proyecto de transmisi\u00f3n el\u00e9ctrica que conectar\u00e1 las subestaciones Tineo, en Llanquihue, y la proyectada Nueva Ancud, en Chilo\u00e9. La..<\/p>\n","protected":false},"author":2,"featured_media":10493,"comment_status":"closed","ping_status":"open","sticky":false,"template":"","format":"standard","meta":{"footnotes":""},"categories":[1,28,51],"tags":[],"class_list":["post-10492","post","type-post","status-publish","format-standard","has-post-thumbnail","hentry","category-acontecer","category-actual","category-chiloe"],"rttpg_featured_image_url":{"full":["https:\/\/elconquistadorredloslagos.cl\/test\/wp-content\/uploads\/2025\/05\/Diseno-sin-titulo-7.jpg",1920,1080,false],"landscape":["https:\/\/elconquistadorredloslagos.cl\/test\/wp-content\/uploads\/2025\/05\/Diseno-sin-titulo-7.jpg",1920,1080,false],"portraits":["https:\/\/elconquistadorredloslagos.cl\/test\/wp-content\/uploads\/2025\/05\/Diseno-sin-titulo-7.jpg",1920,1080,false],"thumbnail":["https:\/\/elconquistadorredloslagos.cl\/test\/wp-content\/uploads\/2025\/05\/Diseno-sin-titulo-7-150x150.jpg",150,150,true],"medium":["https:\/\/elconquistadorredloslagos.cl\/test\/wp-content\/uploads\/2025\/05\/Diseno-sin-titulo-7-300x169.jpg",300,169,true],"large":["https:\/\/elconquistadorredloslagos.cl\/test\/wp-content\/uploads\/2025\/05\/Diseno-sin-titulo-7-1024x576.jpg",1024,576,true],"1536x1536":["https:\/\/elconquistadorredloslagos.cl\/test\/wp-content\/uploads\/2025\/05\/Diseno-sin-titulo-7-1536x864.jpg",1536,864,true],"2048x2048":["https:\/\/elconquistadorredloslagos.cl\/test\/wp-content\/uploads\/2025\/05\/Diseno-sin-titulo-7.jpg",1920,1080,false]},"rttpg_author":{"display_name":"ccardenas","author_link":"https:\/\/elconquistadorredloslagos.cl\/test\/blog\/author\/ccardenas\/"},"rttpg_comment":0,"rttpg_category":"<a href=\"https:\/\/elconquistadorredloslagos.cl\/test\/blog\/category\/actual\/acontecer\/\" rel=\"category tag\">Acontecer<\/a> <a href=\"https:\/\/elconquistadorredloslagos.cl\/test\/blog\/category\/actual\/\" rel=\"category tag\">Actualidad<\/a> <a href=\"https:\/\/elconquistadorredloslagos.cl\/test\/blog\/category\/chile\/chiloe\/\" rel=\"category tag\">Chilo\u00e9<\/a>","rttpg_excerpt":"El Comit\u00e9 de Ministros aprob\u00f3 este lunes en Santiago el cuestionado proyecto de transmisi\u00f3n el\u00e9ctrica que conectar\u00e1 las subestaciones Tineo, en Llanquihue, y la proyectada Nueva Ancud, en Chilo\u00e9. La..","_links":{"self":[{"href":"https:\/\/elconquistadorredloslagos.cl\/test\/wp-json\/wp\/v2\/posts\/10492","targetHints":{"allow":["GET"]}}],"collection":[{"href":"https:\/\/elconquistadorredloslagos.cl\/test\/wp-json\/wp\/v2\/posts"}],"about":[{"href":"https:\/\/elconquistadorredloslagos.cl\/test\/wp-json\/wp\/v2\/types\/post"}],"author":[{"embeddable":true,"href":"https:\/\/elconquistadorredloslagos.cl\/test\/wp-json\/wp\/v2\/users\/2"}],"replies":[{"embeddable":true,"href":"https:\/\/elconquistadorredloslagos.cl\/test\/wp-json\/wp\/v2\/comments?post=10492"}],"version-history":[{"count":1,"href":"https:\/\/elconquistadorredloslagos.cl\/test\/wp-json\/wp\/v2\/posts\/10492\/revisions"}],"predecessor-version":[{"id":10494,"href":"https:\/\/elconquistadorredloslagos.cl\/test\/wp-json\/wp\/v2\/posts\/10492\/revisions\/10494"}],"wp:featuredmedia":[{"embeddable":true,"href":"https:\/\/elconquistadorredloslagos.cl\/test\/wp-json\/wp\/v2\/media\/10493"}],"wp:attachment":[{"href":"https:\/\/elconquistadorredloslagos.cl\/test\/wp-json\/wp\/v2\/media?parent=10492"}],"wp:term":[{"taxonomy":"category","embeddable":true,"href":"https:\/\/elconquistadorredloslagos.cl\/test\/wp-json\/wp\/v2\/categories?post=10492"},{"taxonomy":"post_tag","embeddable":true,"href":"https:\/\/elconquistadorredloslagos.cl\/test\/wp-json\/wp\/v2\/tags?post=10492"}],"curies":[{"name":"wp","href":"https:\/\/api.w.org\/{rel}","templated":true}]}}