{"id":10484,"date":"2025-05-19T17:06:17","date_gmt":"2025-05-19T21:06:17","guid":{"rendered":"https:\/\/elconquistadorredloslagos.cl\/test\/?p=10484"},"modified":"2025-05-19T17:06:17","modified_gmt":"2025-05-19T21:06:17","slug":"dalcahue-refuerza-su-compromiso-ambiental-con-nuevo-convenio-por-el-reciclaje","status":"publish","type":"post","link":"https:\/\/elconquistadorredloslagos.cl\/test\/blog\/2025\/05\/19\/dalcahue-refuerza-su-compromiso-ambiental-con-nuevo-convenio-por-el-reciclaje\/","title":{"rendered":"Dalcahue refuerza su compromiso ambiental con nuevo convenio por el reciclaje"},"content":{"rendered":"\n<p>En el marco del D\u00eda Mundial del Reciclaje, la Municipalidad de Dalcahue dio un nuevo paso hacia una gesti\u00f3n m\u00e1s sustentable al firmar un convenio de colaboraci\u00f3n con la empresa Nova Terra, especializada en gesti\u00f3n de residuos. Esta alianza p\u00fablico-privada busca fortalecer el trabajo de reciclaje en la comuna, proteger los ecosistemas locales y reducir el impacto ambiental de los residuos contaminantes.<\/p>\n\n\n\n<p>El acuerdo establece la incorporaci\u00f3n de un trabajador de Nova Terra en el vertedero de Dalcahue, quien apoyar\u00e1 la clasificaci\u00f3n del material reciclable, optimizando as\u00ed los procesos de manejo y reutilizaci\u00f3n de residuos. Esta medida se suma a los 85 puntos de reciclaje ya habilitados en distintos sectores de la comuna, cifra que, seg\u00fan autoridades locales, seguir\u00e1 en aumento.<\/p>\n\n\n\n<p>Adem\u00e1s, durante la jornada se realiz\u00f3 la inauguraci\u00f3n del primer Punto Verde Educativo de Dalcahue, un espacio destinado a informar y concientizar a la comunidad sobre el reciclaje y la protecci\u00f3n de especies marinas presentes en el territorio, tales como peces, aves y mam\u00edferos del borde costero.<\/p>\n\n\n\n<p>La alcaldesa Alejandra Villegas valor\u00f3 esta instancia como un ejemplo de cooperaci\u00f3n efectiva entre el sector p\u00fablico y privado.<\/p>\n\n\n\n<p>\u201cEsta alianza con el mundo privado es una se\u00f1al clara de que cuando se trabaja en conjunto, se pueden lograr avances concretos para nuestra comuna y nuestro planeta\u201d, se\u00f1al\u00f3 la jefa comunal.<\/p>\n\n\n\n<p>Con estas acciones, Dalcahue contin\u00faa posicion\u00e1ndose como una comuna comprometida con la sostenibilidad, la educaci\u00f3n ambiental y la participaci\u00f3n activa de su comunidad en la lucha contra el cambio clim\u00e1tico.<\/p>\n\n\n\n<figure class=\"wp-block-gallery has-nested-images columns-default is-cropped wp-block-gallery-1 is-layout-flex wp-block-gallery-is-layout-flex\">\n<figure class=\"wp-block-image size-large\"><img loading=\"lazy\" decoding=\"async\" width=\"1024\" height=\"537\" data-id=\"10486\" src=\"https:\/\/elconquistadorredloslagos.cl\/test\/wp-content\/uploads\/2025\/05\/WhatsApp-Image-2025-05-19-at-13.42.04-1024x537.jpeg\" alt=\"\" class=\"wp-image-10486\" \/><\/figure>\n\n\n\n<figure class=\"wp-block-image size-large\"><img loading=\"lazy\" decoding=\"async\" width=\"1024\" height=\"536\" data-id=\"10487\" src=\"https:\/\/elconquistadorredloslagos.cl\/test\/wp-content\/uploads\/2025\/05\/WhatsApp-Image-2025-05-19-at-13.42.16-1024x536.jpeg\" alt=\"\" class=\"wp-image-10487\" \/><\/figure>\n<\/figure>\n","protected":false},"excerpt":{"rendered":"<p>En el marco del D\u00eda Mundial del Reciclaje, la Municipalidad de Dalcahue dio un nuevo paso hacia una gesti\u00f3n m\u00e1s sustentable al firmar un convenio de colaboraci\u00f3n con la empresa..<\/p>\n","protected":false},"author":2,"featured_media":10485,"comment_status":"closed","ping_status":"open","sticky":false,"template":"","format":"standard","meta":{"footnotes":""},"categories":[1,28,51,27],"tags":[],"class_list":["post-10484","post","type-post","status-publish","format-standard","has-post-thumbnail","hentry","category-acontecer","category-actual","category-chiloe","category-tecnologia"],"rttpg_featured_image_url":{"full":["https:\/\/elconquistadorredloslagos.cl\/test\/wp-content\/uploads\/2025\/05\/Diseno-sin-titulo-6.jpg",1920,1080,false],"landscape":["https:\/\/elconquistadorredloslagos.cl\/test\/wp-content\/uploads\/2025\/05\/Diseno-sin-titulo-6.jpg",1920,1080,false],"portraits":["https:\/\/elconquistadorredloslagos.cl\/test\/wp-content\/uploads\/2025\/05\/Diseno-sin-titulo-6.jpg",1920,1080,false],"thumbnail":["https:\/\/elconquistadorredloslagos.cl\/test\/wp-content\/uploads\/2025\/05\/Diseno-sin-titulo-6-150x150.jpg",150,150,true],"medium":["https:\/\/elconquistadorredloslagos.cl\/test\/wp-content\/uploads\/2025\/05\/Diseno-sin-titulo-6-300x169.jpg",300,169,true],"large":["https:\/\/elconquistadorredloslagos.cl\/test\/wp-content\/uploads\/2025\/05\/Diseno-sin-titulo-6-1024x576.jpg",1024,576,true],"1536x1536":["https:\/\/elconquistadorredloslagos.cl\/test\/wp-content\/uploads\/2025\/05\/Diseno-sin-titulo-6-1536x864.jpg",1536,864,true],"2048x2048":["https:\/\/elconquistadorredloslagos.cl\/test\/wp-content\/uploads\/2025\/05\/Diseno-sin-titulo-6.jpg",1920,1080,false]},"rttpg_author":{"display_name":"ccardenas","author_link":"https:\/\/elconquistadorredloslagos.cl\/test\/blog\/author\/ccardenas\/"},"rttpg_comment":0,"rttpg_category":"<a href=\"https:\/\/elconquistadorredloslagos.cl\/test\/blog\/category\/actual\/acontecer\/\" rel=\"category tag\">Acontecer<\/a> <a href=\"https:\/\/elconquistadorredloslagos.cl\/test\/blog\/category\/actual\/\" rel=\"category tag\">Actualidad<\/a> <a href=\"https:\/\/elconquistadorredloslagos.cl\/test\/blog\/category\/chile\/chiloe\/\" rel=\"category tag\">Chilo\u00e9<\/a> <a href=\"https:\/\/elconquistadorredloslagos.cl\/test\/blog\/category\/actual\/tecnologia\/\" rel=\"category tag\">Tecnologias<\/a>","rttpg_excerpt":"En el marco del D\u00eda Mundial del Reciclaje, la Municipalidad de Dalcahue dio un nuevo paso hacia una gesti\u00f3n m\u00e1s sustentable al firmar un convenio de colaboraci\u00f3n con la empresa..","_links":{"self":[{"href":"https:\/\/elconquistadorredloslagos.cl\/test\/wp-json\/wp\/v2\/posts\/10484","targetHints":{"allow":["GET"]}}],"collection":[{"href":"https:\/\/elconquistadorredloslagos.cl\/test\/wp-json\/wp\/v2\/posts"}],"about":[{"href":"https:\/\/elconquistadorredloslagos.cl\/test\/wp-json\/wp\/v2\/types\/post"}],"author":[{"embeddable":true,"href":"https:\/\/elconquistadorredloslagos.cl\/test\/wp-json\/wp\/v2\/users\/2"}],"replies":[{"embeddable":true,"href":"https:\/\/elconquistadorredloslagos.cl\/test\/wp-json\/wp\/v2\/comments?post=10484"}],"version-history":[{"count":1,"href":"https:\/\/elconquistadorredloslagos.cl\/test\/wp-json\/wp\/v2\/posts\/10484\/revisions"}],"predecessor-version":[{"id":10488,"href":"https:\/\/elconquistadorredloslagos.cl\/test\/wp-json\/wp\/v2\/posts\/10484\/revisions\/10488"}],"wp:featuredmedia":[{"embeddable":true,"href":"https:\/\/elconquistadorredloslagos.cl\/test\/wp-json\/wp\/v2\/media\/10485"}],"wp:attachment":[{"href":"https:\/\/elconquistadorredloslagos.cl\/test\/wp-json\/wp\/v2\/media?parent=10484"}],"wp:term":[{"taxonomy":"category","embeddable":true,"href":"https:\/\/elconquistadorredloslagos.cl\/test\/wp-json\/wp\/v2\/categories?post=10484"},{"taxonomy":"post_tag","embeddable":true,"href":"https:\/\/elconquistadorredloslagos.cl\/test\/wp-json\/wp\/v2\/tags?post=10484"}],"curies":[{"name":"wp","href":"https:\/\/api.w.org\/{rel}","templated":true}]}}