{"id":10472,"date":"2025-05-19T13:27:32","date_gmt":"2025-05-19T17:27:32","guid":{"rendered":"https:\/\/elconquistadorredloslagos.cl\/test\/?p=10472"},"modified":"2025-05-19T13:27:32","modified_gmt":"2025-05-19T17:27:32","slug":"cumbre-del-eje-trasandino-busca-fortalecer-la-integracion-regional","status":"publish","type":"post","link":"https:\/\/elconquistadorredloslagos.cl\/test\/blog\/2025\/05\/19\/cumbre-del-eje-trasandino-busca-fortalecer-la-integracion-regional\/","title":{"rendered":"Cumbre del Eje Trasandino busca fortalecer la integraci\u00f3n regional"},"content":{"rendered":"\n<p>Con un llamado a la colaboraci\u00f3n interregional, este jueves se dio inicio a la primera jornada de la Cumbre del Eje Trasandino Centro Sur en el B\u00edo-B\u00edo. La instancia reuni\u00f3 a los gobernadores del Biob\u00edo, Sergio Giacaman; \u00d1uble, \u00d3scar Cris\u00f3stomo; Los R\u00edos, Luis Cuvertino; Los Lagos, Alejandro Santana; y de la provincia argentina de Neuqu\u00e9n, Rolando Figueroa. Adem\u00e1s de Carlos Cruz, director ejecutivo del Consejo Pol\u00edticas de Infraestructura.<\/p>\n\n\n\n<p>El encuentro arranc\u00f3 con exposiciones que abordaron el potencial de desarrollo de cada territorio. \u201cLa idea es avanzar en conjunto para mejorar la calidad de vida de nuestras regiones\u201d, sostuvo el gobernador Sergio Giacaman, impulsor de la iniciativa.<\/p>\n\n\n\n<p>Rolando Figueroa, gobernador de Neuqu\u00e9n, destac\u00f3 la oportunidad de crecimiento conjunto entre argentinos y chilenos.<\/p>\n\n\n\n<p>Alejandro Santana, gobernador de Los Lagos, subray\u00f3 el rol de las regiones en una econom\u00eda globalizada.<\/p>\n\n\n\n<figure class=\"wp-block-audio\"><audio controls src=\"https:\/\/elconquistadorredloslagos.cl\/test\/wp-content\/uploads\/2025\/05\/CUNA-SANTANA-2.mp3\"><\/audio><\/figure>\n\n\n\n<p>En tanto, Luis Cuvertino, gobernador de Los R\u00edos, valor\u00f3 el esp\u00edritu colaborativo como parte del proceso de descentralizaci\u00f3n.<\/p>\n\n\n\n<p>\ud83d\udcf7 <a href=\"https:\/\/www.facebook.com\/gorenuble?__cft__[0]=AZUIRG3yoT8u_kl3G08XoSUZCXOKlQ7_lOg01I7QeiNB-e_BOAP1qNFttPSPHd6dUfb41ciP8kiF9tYVYkbB6uEGNAVh6wiVbIfcvBn55htydO__j32e7_0mWKewFnD0YPbT-rQLT2TZ2Mg63lkCr65EBCtw68nkWXlllrlX0kLNbYjhPdZfsQlRgCoc0BpAZLCHkG5Mw0fyZ75__yQ7XcCd&amp;__tn__=-UC*F\">Gobierno Regional de \u00d1uble<\/a> &#8211; Facebook<\/p>\n","protected":false},"excerpt":{"rendered":"<p>Con un llamado a la colaboraci\u00f3n interregional, este jueves se dio inicio a la primera jornada de la Cumbre del Eje Trasandino Centro Sur en el B\u00edo-B\u00edo. La instancia reuni\u00f3..<\/p>\n","protected":false},"author":2,"featured_media":10477,"comment_status":"closed","ping_status":"open","sticky":false,"template":"","format":"standard","meta":{"footnotes":""},"categories":[1,28],"tags":[],"class_list":["post-10472","post","type-post","status-publish","format-standard","has-post-thumbnail","hentry","category-acontecer","category-actual"],"rttpg_featured_image_url":{"full":["https:\/\/elconquistadorredloslagos.cl\/test\/wp-content\/uploads\/2025\/05\/Diseno-sin-titulo-5.jpg",1920,1080,false],"landscape":["https:\/\/elconquistadorredloslagos.cl\/test\/wp-content\/uploads\/2025\/05\/Diseno-sin-titulo-5.jpg",1920,1080,false],"portraits":["https:\/\/elconquistadorredloslagos.cl\/test\/wp-content\/uploads\/2025\/05\/Diseno-sin-titulo-5.jpg",1920,1080,false],"thumbnail":["https:\/\/elconquistadorredloslagos.cl\/test\/wp-content\/uploads\/2025\/05\/Diseno-sin-titulo-5-150x150.jpg",150,150,true],"medium":["https:\/\/elconquistadorredloslagos.cl\/test\/wp-content\/uploads\/2025\/05\/Diseno-sin-titulo-5-300x169.jpg",300,169,true],"large":["https:\/\/elconquistadorredloslagos.cl\/test\/wp-content\/uploads\/2025\/05\/Diseno-sin-titulo-5-1024x576.jpg",1024,576,true],"1536x1536":["https:\/\/elconquistadorredloslagos.cl\/test\/wp-content\/uploads\/2025\/05\/Diseno-sin-titulo-5-1536x864.jpg",1536,864,true],"2048x2048":["https:\/\/elconquistadorredloslagos.cl\/test\/wp-content\/uploads\/2025\/05\/Diseno-sin-titulo-5.jpg",1920,1080,false]},"rttpg_author":{"display_name":"ccardenas","author_link":"https:\/\/elconquistadorredloslagos.cl\/test\/blog\/author\/ccardenas\/"},"rttpg_comment":0,"rttpg_category":"<a href=\"https:\/\/elconquistadorredloslagos.cl\/test\/blog\/category\/actual\/acontecer\/\" rel=\"category tag\">Acontecer<\/a> <a href=\"https:\/\/elconquistadorredloslagos.cl\/test\/blog\/category\/actual\/\" rel=\"category tag\">Actualidad<\/a>","rttpg_excerpt":"Con un llamado a la colaboraci\u00f3n interregional, este jueves se dio inicio a la primera jornada de la Cumbre del Eje Trasandino Centro Sur en el B\u00edo-B\u00edo. La instancia reuni\u00f3..","_links":{"self":[{"href":"https:\/\/elconquistadorredloslagos.cl\/test\/wp-json\/wp\/v2\/posts\/10472","targetHints":{"allow":["GET"]}}],"collection":[{"href":"https:\/\/elconquistadorredloslagos.cl\/test\/wp-json\/wp\/v2\/posts"}],"about":[{"href":"https:\/\/elconquistadorredloslagos.cl\/test\/wp-json\/wp\/v2\/types\/post"}],"author":[{"embeddable":true,"href":"https:\/\/elconquistadorredloslagos.cl\/test\/wp-json\/wp\/v2\/users\/2"}],"replies":[{"embeddable":true,"href":"https:\/\/elconquistadorredloslagos.cl\/test\/wp-json\/wp\/v2\/comments?post=10472"}],"version-history":[{"count":1,"href":"https:\/\/elconquistadorredloslagos.cl\/test\/wp-json\/wp\/v2\/posts\/10472\/revisions"}],"predecessor-version":[{"id":10478,"href":"https:\/\/elconquistadorredloslagos.cl\/test\/wp-json\/wp\/v2\/posts\/10472\/revisions\/10478"}],"wp:featuredmedia":[{"embeddable":true,"href":"https:\/\/elconquistadorredloslagos.cl\/test\/wp-json\/wp\/v2\/media\/10477"}],"wp:attachment":[{"href":"https:\/\/elconquistadorredloslagos.cl\/test\/wp-json\/wp\/v2\/media?parent=10472"}],"wp:term":[{"taxonomy":"category","embeddable":true,"href":"https:\/\/elconquistadorredloslagos.cl\/test\/wp-json\/wp\/v2\/categories?post=10472"},{"taxonomy":"post_tag","embeddable":true,"href":"https:\/\/elconquistadorredloslagos.cl\/test\/wp-json\/wp\/v2\/tags?post=10472"}],"curies":[{"name":"wp","href":"https:\/\/api.w.org\/{rel}","templated":true}]}}